{"id":115,"date":"2013-04-16T07:30:19","date_gmt":"2013-04-16T06:30:19","guid":{"rendered":"http:\/\/unepetitemousse.fr\/blog\/?p=115"},"modified":"2013-04-16T07:30:19","modified_gmt":"2013-04-16T06:30:19","slug":"justbieres-salon-de-la-biere-regionale","status":"publish","type":"post","link":"https:\/\/unepetitemousse.fr\/blog\/justbieres-salon-de-la-biere-regionale\/","title":{"rendered":"Just&rsquo;Bi\u00e8res &#8211; Salon de la Bi\u00e8re R\u00e9gionale"},"content":{"rendered":"<p>En chaque bi\u00e8re artisanale se trouve une partie de l&rsquo;\u00e2me de son brasseur qui a soign\u00e9 sa recette pour nous permettre de d\u00e9couvrir son univers. Voil\u00e0 ce qui nous a entrain\u00e9 \u00e0 <a href=\"https:\/\/www.facebook.com\/media\/set\/?set=a.240581766082996.1073741827.175577242583449&amp;type=1&amp;l=29bf19f9ee\" target=\"_blank\" rel=\"noopener noreferrer\">Saint Just de Claix au salon de la bi\u00e8re r\u00e9gionale<\/a> ce weekend pour rencontrer ces artisans qui donnent le go\u00fbt de la qualit\u00e9 aux bi\u00e8res que nous s\u00e9lectionnons dans nos coffrets. Autant de bi\u00e8res de qualit\u00e9 \u00e0 d\u00e9guster et autant d&rsquo;anecdotes \u00e0 \u00e9changer le temps d&rsquo;une soir\u00e9e !<\/p>\n<p>&nbsp;<\/p>\n<p>Maxime, organisateur du salon et g\u00e9rant de <a href=\"http:\/\/labullegrenobloise.com\/\" target=\"_blank\" rel=\"noopener noreferrer\">la cave La Bulle Grenobloise<\/a>, a fait go\u00fbter sa bi\u00e8re aux noix &#8230; un symbole de Grenoble mis en bouteille et une bi\u00e8re subtile \u00e0 d\u00e9couvrir !<\/p>\n<p><img fetchpriority=\"high\" decoding=\"async\" class=\"aligncenter wp-image-118 size-full\" src=\"http:\/\/52.212.110.80\/blog\/wp-content\/uploads\/2013\/04\/maxime-labullegrenobloise.jpg\" alt=\"maxime - la bulle grenobloise\" width=\"660\" height=\"330\" srcset=\"https:\/\/static.unepetitemousse.fr\/wp-content\/uploads\/2013\/04\/25104014\/maxime-labullegrenobloise.jpg 660w, https:\/\/static.unepetitemousse.fr\/wp-content\/uploads\/2013\/04\/25104014\/maxime-labullegrenobloise-300x150.jpg 300w\" sizes=\"(max-width: 660px) 100vw, 660px\" \/><\/p>\n<p>&nbsp;<\/p>\n<p>David, brasseur de la <a href=\"http:\/\/bhbbrasserieartisanale.blogspot.fr\/\" target=\"_blank\" rel=\"noopener noreferrer\">brasserie BHB<\/a>, a racont\u00e9 son installation dans la r\u00e9gion de\u00a0Lus la Croix Haute &#8230; et son habitude \u00e0 brasser au milieu de la nuit, concentr\u00e9 et dans le calme.<\/p>\n<p><img decoding=\"async\" class=\"aligncenter wp-image-120 size-full\" src=\"http:\/\/52.212.110.80\/blog\/wp-content\/uploads\/2013\/04\/david-brasseriebhb.jpg\" alt=\"david - brasserie bhb\" width=\"660\" height=\"330\" srcset=\"https:\/\/static.unepetitemousse.fr\/wp-content\/uploads\/2013\/04\/25104014\/david-brasseriebhb.jpg 660w, https:\/\/static.unepetitemousse.fr\/wp-content\/uploads\/2013\/04\/25104014\/david-brasseriebhb-300x150.jpg 300w\" sizes=\"(max-width: 660px) 100vw, 660px\" \/><\/p>\n<p>&nbsp;<\/p>\n<p>Sylvain, brasseur de la <a href=\"http:\/\/www.brasserie-pleinelune.fr\/\" target=\"_blank\" rel=\"noopener noreferrer\">brasserie de La Pleine Lune<\/a>\u00a0dont <a href=\"http:\/\/unepetitemousse.fr\/box\/mars-2013\/degustation\" target=\"_blank\" rel=\"noopener noreferrer\">la bi\u00e8re Aubeloun<\/a>\u00a0\u00e9tait dans le coffret d\u00e9gustation de Mars, a rappel\u00e9 l&rsquo;exigence de qualit\u00e9 des bi\u00e8res artisanales et d\u00e9taill\u00e9 l&rsquo;histoire de ses \u00e9tiquettes illustr\u00e9es.<\/p>\n<p><img decoding=\"async\" class=\"aligncenter wp-image-121 size-full\" src=\"http:\/\/52.212.110.80\/blog\/wp-content\/uploads\/2013\/04\/sylvain-brasserielapleinelune.jpg\" alt=\"sylvain - brasserie la pleine lune\" width=\"660\" height=\"330\" srcset=\"https:\/\/static.unepetitemousse.fr\/wp-content\/uploads\/2013\/04\/25104015\/sylvain-brasserielapleinelune.jpg 660w, https:\/\/static.unepetitemousse.fr\/wp-content\/uploads\/2013\/04\/25104015\/sylvain-brasserielapleinelune-300x150.jpg 300w\" sizes=\"(max-width: 660px) 100vw, 660px\" \/><\/p>\n<p>&nbsp;<\/p>\n<p>Michael, brasseur de la <a href=\"http:\/\/labrasseriedumontsaleve.com\/\" target=\"_blank\" rel=\"noopener noreferrer\">brasserie du Mont Saleve<\/a>\u00a0dont la production s&rsquo;\u00e9l\u00e8ve \u00ab\u00a0quelques centaines d&rsquo;hectolitres\u00a0\u00bb, a pr\u00e9cis\u00e9 les anecdotes de chacune de ses bi\u00e8res &#8230; comme la \u00ab\u00a0Sorachi Ace Bitter\u00a0\u00bb \u00e0 la couleur rouge et blanche pour rappeler l&rsquo;origine japonaise de son houblon.<\/p>\n<p><img loading=\"lazy\" decoding=\"async\" class=\"aligncenter wp-image-126 size-full\" src=\"http:\/\/52.212.110.80\/blog\/wp-content\/uploads\/2013\/04\/michael-montsaleve.jpg\" alt=\"michael - mont saleve\" width=\"660\" height=\"330\" srcset=\"https:\/\/static.unepetitemousse.fr\/wp-content\/uploads\/2013\/04\/25104015\/michael-montsaleve.jpg 660w, https:\/\/static.unepetitemousse.fr\/wp-content\/uploads\/2013\/04\/25104015\/michael-montsaleve-300x150.jpg 300w\" sizes=\"(max-width: 660px) 100vw, 660px\" \/><\/p>\n<p>&nbsp;<\/p>\n<p>Xavier de la <a href=\"http:\/\/www.lagrivoise.fr\/\" target=\"_blank\" rel=\"noopener noreferrer\">brasserie de l&rsquo;Agrivoise<\/a>\u00a0&#8230; brasseur de caract\u00e8re avec le sourire &#8230; tout comme l&rsquo;est sa bi\u00e8re !<\/p>\n<p><img loading=\"lazy\" decoding=\"async\" class=\"aligncenter wp-image-129 size-full\" src=\"http:\/\/52.212.110.80\/blog\/wp-content\/uploads\/2013\/04\/xavier-agrivoise.jpg\" alt=\"xavier - agrivoise\" width=\"660\" height=\"330\" srcset=\"https:\/\/static.unepetitemousse.fr\/wp-content\/uploads\/2013\/04\/25104016\/xavier-agrivoise.jpg 660w, https:\/\/static.unepetitemousse.fr\/wp-content\/uploads\/2013\/04\/25104016\/xavier-agrivoise-300x150.jpg 300w\" sizes=\"(max-width: 660px) 100vw, 660px\" \/><\/p>\n<p>&nbsp;<\/p>\n<p>Alex, brasseur de la brasserie d&rsquo;Esgar \u00e0 la production de moins de cent hectolitres, a expliqu\u00e9 le choix d&rsquo;un conditionnement en bouteille de 75cl qui rappelle ses origines de la r\u00e9gion de Die.<\/p>\n<p><img loading=\"lazy\" decoding=\"async\" class=\"aligncenter wp-image-130 size-full\" src=\"http:\/\/52.212.110.80\/blog\/wp-content\/uploads\/2013\/04\/alex-esgar.jpg\" alt=\"alex - esgar\" width=\"660\" height=\"330\" srcset=\"https:\/\/static.unepetitemousse.fr\/wp-content\/uploads\/2013\/04\/25104016\/alex-esgar.jpg 660w, https:\/\/static.unepetitemousse.fr\/wp-content\/uploads\/2013\/04\/25104016\/alex-esgar-300x150.jpg 300w\" sizes=\"(max-width: 660px) 100vw, 660px\" \/><\/p>\n<p>&nbsp;<\/p>\n<p>Yves, brasseur de la\u00a0<a href=\"http:\/\/www.lavoiemaltee.fr\/sommaire.html\">brasserie la Voie Malt\u00e9e<\/a>, a vu ses clients \u00eatre les premiers ambassadeurs de sa bi\u00e8re ambr\u00e9e.<\/p>\n<p><img loading=\"lazy\" decoding=\"async\" class=\"aligncenter wp-image-131 size-full\" src=\"http:\/\/52.212.110.80\/blog\/wp-content\/uploads\/2013\/04\/yves-lavoiemaltee.jpg\" alt=\"yves - la voie maltee\" width=\"660\" height=\"330\" srcset=\"https:\/\/static.unepetitemousse.fr\/wp-content\/uploads\/2013\/04\/25104016\/yves-lavoiemaltee.jpg 660w, https:\/\/static.unepetitemousse.fr\/wp-content\/uploads\/2013\/04\/25104016\/yves-lavoiemaltee-300x150.jpg 300w\" sizes=\"(max-width: 660px) 100vw, 660px\" \/><\/p>\n<p>&nbsp;<\/p>\n<p>Pascal, brasseur de la brasserie La Frivole\u00a0dont\u00a0<a href=\"http:\/\/unepetitemousse.fr\/box\/mars-2013\/degustation\" target=\"_blank\" rel=\"noopener noreferrer\">la Frivole Rousse<\/a>\u00a0\u00e9tait dans le coffret d\u00e9gustation de Mars, a surpris les \u00ab\u00a0habitu\u00e9s de la Chartreuse\u00a0\u00bb avec sa Frivole Verte et r\u00e9v\u00e9l\u00e9 que la \u00ab\u00a0pin-up\u00a0\u00bb de son \u00e9tiquette existe en vrai !<\/p>\n<p><img loading=\"lazy\" decoding=\"async\" class=\"aligncenter wp-image-135 size-full\" src=\"http:\/\/52.212.110.80\/blog\/wp-content\/uploads\/2013\/04\/pascal-lafrivole.jpg\" alt=\"pascal - la frivole\" width=\"660\" height=\"330\" srcset=\"https:\/\/static.unepetitemousse.fr\/wp-content\/uploads\/2013\/04\/25104017\/pascal-lafrivole.jpg 660w, https:\/\/static.unepetitemousse.fr\/wp-content\/uploads\/2013\/04\/25104017\/pascal-lafrivole-300x150.jpg 300w\" sizes=\"(max-width: 660px) 100vw, 660px\" \/><\/p>\n<p>&nbsp;<\/p>\n<p>Pierre Alain, brasseur de <a href=\"http:\/\/www.brasserie-singletrack.com\/\" target=\"_blank\" rel=\"noopener noreferrer\">la brasserie Single Track<\/a>, a d\u00e9taill\u00e9 sa gamme de bi\u00e8res et pr\u00e9cis\u00e9 les nombreuses comp\u00e9titions sportives o\u00f9 l&rsquo;on peut retrouver ses bi\u00e8res &#8230; comme le trail de la Saint\u00e9Lyon.<\/p>\n<p><img loading=\"lazy\" decoding=\"async\" class=\"aligncenter wp-image-137 size-full\" src=\"http:\/\/52.212.110.80\/blog\/wp-content\/uploads\/2013\/04\/pierrealain-singletrack.jpg\" alt=\"pierre alain - single track\" width=\"660\" height=\"330\" srcset=\"https:\/\/static.unepetitemousse.fr\/wp-content\/uploads\/2013\/04\/25104017\/pierrealain-singletrack.jpg 660w, https:\/\/static.unepetitemousse.fr\/wp-content\/uploads\/2013\/04\/25104017\/pierrealain-singletrack-300x150.jpg 300w\" sizes=\"(max-width: 660px) 100vw, 660px\" \/><\/p>\n<p>&nbsp;<\/p>\n<p>S\u00e9bastien, brasseur de la brasserie La Belette, a pr\u00e9sent\u00e9 sa \u00ab\u00a0bi\u00e8re du moment\u00a0\u00bb &#8230; la boisson d&rsquo;avril ! &#8230; et expliqu\u00e9 l&rsquo;origine du nom de sa brasserie &#8230; alors, \u00e0 votre avis, pourquoi la belette ? \ud83d\ude42<\/p>\n<p><img loading=\"lazy\" decoding=\"async\" class=\"aligncenter wp-image-140 size-full\" src=\"http:\/\/52.212.110.80\/blog\/wp-content\/uploads\/2013\/04\/sebastien-labelette.jpg\" alt=\"sebastien - la belette\" width=\"660\" height=\"330\" srcset=\"https:\/\/static.unepetitemousse.fr\/wp-content\/uploads\/2013\/04\/25104018\/sebastien-labelette.jpg 660w, https:\/\/static.unepetitemousse.fr\/wp-content\/uploads\/2013\/04\/25104018\/sebastien-labelette-300x150.jpg 300w\" sizes=\"(max-width: 660px) 100vw, 660px\" \/><\/p>\n<p>&nbsp;<\/p>\n<p>Fred de <a href=\"http:\/\/www.terredebieres.fr\/\" target=\"_blank\" rel=\"noopener noreferrer\">la brasserie Terre de Bi\u00e8res<\/a>\u00a0avec ses bi\u00e8res brass\u00e9es au milieu des vignes du Beaujolais !<\/p>\n<p><img loading=\"lazy\" decoding=\"async\" class=\"aligncenter wp-image-143 size-full\" src=\"http:\/\/52.212.110.80\/blog\/wp-content\/uploads\/2013\/04\/fred-terredebieres.jpg\" alt=\"fred - terre de bieres\" width=\"660\" height=\"330\" srcset=\"https:\/\/static.unepetitemousse.fr\/wp-content\/uploads\/2013\/04\/25104018\/fred-terredebieres.jpg 660w, https:\/\/static.unepetitemousse.fr\/wp-content\/uploads\/2013\/04\/25104018\/fred-terredebieres-300x150.jpg 300w\" sizes=\"(max-width: 660px) 100vw, 660px\" \/><\/p>\n<p>&nbsp;<\/p>\n<p>Thomas de <a href=\"http:\/\/www.biereduvercors.fr\/\" target=\"_blank\" rel=\"noopener noreferrer\">la Bi\u00e8re du Vercors<\/a>\u00a0a pr\u00e9sent\u00e9 l&rsquo;histoire de la limonade venue compl\u00e9ter les bi\u00e8res brass\u00e9es par Martin.<\/p>\n<p><img loading=\"lazy\" decoding=\"async\" class=\"aligncenter wp-image-144 size-full\" src=\"http:\/\/52.212.110.80\/blog\/wp-content\/uploads\/2013\/04\/thomas-biereduvercors.jpg\" alt=\"thomas - biere du vercors\" width=\"660\" height=\"330\" srcset=\"https:\/\/static.unepetitemousse.fr\/wp-content\/uploads\/2013\/04\/25104019\/thomas-biereduvercors.jpg 660w, https:\/\/static.unepetitemousse.fr\/wp-content\/uploads\/2013\/04\/25104019\/thomas-biereduvercors-300x150.jpg 300w\" sizes=\"(max-width: 660px) 100vw, 660px\" \/><\/p>\n<p>&nbsp;<\/p>\n<p>L&rsquo;\u00e9quipe de Une Petite Mousse a d\u00e9gust\u00e9e au moins une bi\u00e8re de chaque brasserie afin de continuer \u00e0 s\u00e9lectionner les meilleures bi\u00e8res pour vous.\u00a0Vous retrouverez sans doute dans nos prochains coffrets les bi\u00e8res de ces brasseries de qualit\u00e9 pr\u00e9sentes \u00e0 ce salon.<\/p>\n<p>&nbsp;<\/p>\n<p>En avez-vous une qui vous tente en particulier ? Alors inscrivez-vous d&rsquo;ores et d\u00e9j\u00e0 avec votre email sur <a href=\"http:\/\/unepetitemousse.fr\/box\/avril-2013\" target=\"_blank\" rel=\"noopener noreferrer\">la page du coffret d\u00e9gustation d&rsquo;Avril<\/a> pour \u00eatre averti au plus t\u00f4t de notre prochain coffret !<\/p>\n","protected":false},"excerpt":{"rendered":"<p>En chaque bi\u00e8re artisanale se trouve une partie de l&rsquo;\u00e2me de son brasseur qui a soign\u00e9 sa recette pour nous permettre de d\u00e9couvrir son univers. Voil\u00e0 ce qui nous a entrain\u00e9 \u00e0 Saint Just de Claix au salon de la bi\u00e8re r\u00e9gionale ce weekend pour rencontrer ces artisans qui donnent le go\u00fbt de la qualit\u00e9 [&hellip;]<\/p>\n","protected":false},"author":2,"featured_media":0,"comment_status":"open","ping_status":"closed","sticky":false,"template":"","format":"standard","meta":{"_acf_changed":false,"_seopress_robots_primary_cat":"","_seopress_titles_title":"","_seopress_titles_desc":"","_seopress_robots_index":"","footnotes":""},"categories":[1],"tags":[],"class_list":["post-115","post","type-post","status-publish","format-standard","hentry","category-uncategorized"],"acf":[],"_links":{"self":[{"href":"https:\/\/unepetitemousse.fr\/blog\/wp-json\/wp\/v2\/posts\/115","targetHints":{"allow":["GET"]}}],"collection":[{"href":"https:\/\/unepetitemousse.fr\/blog\/wp-json\/wp\/v2\/posts"}],"about":[{"href":"https:\/\/unepetitemousse.fr\/blog\/wp-json\/wp\/v2\/types\/post"}],"author":[{"embeddable":true,"href":"https:\/\/unepetitemousse.fr\/blog\/wp-json\/wp\/v2\/users\/2"}],"replies":[{"embeddable":true,"href":"https:\/\/unepetitemousse.fr\/blog\/wp-json\/wp\/v2\/comments?post=115"}],"version-history":[{"count":0,"href":"https:\/\/unepetitemousse.fr\/blog\/wp-json\/wp\/v2\/posts\/115\/revisions"}],"wp:attachment":[{"href":"https:\/\/unepetitemousse.fr\/blog\/wp-json\/wp\/v2\/media?parent=115"}],"wp:term":[{"taxonomy":"category","embeddable":true,"href":"https:\/\/unepetitemousse.fr\/blog\/wp-json\/wp\/v2\/categories?post=115"},{"taxonomy":"post_tag","embeddable":true,"href":"https:\/\/unepetitemousse.fr\/blog\/wp-json\/wp\/v2\/tags?post=115"}],"curies":[{"name":"wp","href":"https:\/\/api.w.org\/{rel}","templated":true}]}}