{"id":3365,"date":"2016-03-21T20:12:50","date_gmt":"2016-03-21T19:12:50","guid":{"rendered":"https:\/\/unepetitemousse.fr\/blog\/?p=3365"},"modified":"2023-06-23T10:25:59","modified_gmt":"2023-06-23T08:25:59","slug":"biere-ambree-belge","status":"publish","type":"post","link":"https:\/\/unepetitemousse.fr\/blog\/biere-ambree-belge\/","title":{"rendered":"Bi\u00e8re ambr\u00e9e : Top 5 des Amber Ales belges \u00e0 go\u00fbter dans sa vie"},"content":{"rendered":"\t\t<div data-elementor-type=\"wp-post\" data-elementor-id=\"3365\" class=\"elementor elementor-3365\" data-elementor-post-type=\"post\">\n\t\t\t\t\t\t<section class=\"elementor-section elementor-top-section elementor-element elementor-element-14337fb1 elementor-section-boxed elementor-section-height-default elementor-section-height-default\" data-id=\"14337fb1\" data-element_type=\"section\" data-e-type=\"section\">\n\t\t\t\t\t\t<div class=\"elementor-container elementor-column-gap-default\">\n\t\t\t\t\t<div class=\"elementor-column elementor-col-100 elementor-top-column elementor-element elementor-element-52c4a189\" data-id=\"52c4a189\" data-element_type=\"column\" data-e-type=\"column\">\n\t\t\t<div class=\"elementor-widget-wrap elementor-element-populated\">\n\t\t\t\t\t\t<div class=\"elementor-element elementor-element-0227dcb elementor-widget elementor-widget-text-editor\" data-id=\"0227dcb\" data-element_type=\"widget\" data-e-type=\"widget\" data-widget_type=\"text-editor.default\">\n\t\t\t\t<div class=\"elementor-widget-container\">\n\t\t\t\t\t\t\t\t\t<p><strong>Des <a href=\"https:\/\/unepetitemousse.fr\/blog\/biere-belge\/\" target=\"_blank\" rel=\"noopener\">bi\u00e8res belges<\/a><\/strong>\u00a0<strong>ambr\u00e9es<\/strong> ? Voil\u00e0 qui peut para\u00eetre \u00e9trange tant le Plat Pays nous a habitu\u00e9s \u00e0 une rondeur synonyme de blondeur&#8230; Pourtant, la bi\u00e8re ambr\u00e9e de qualit\u00e9 made in Belgique abonde ! Voici notre classement des 5 <strong>bi\u00e8res ambr\u00e9es belges<\/strong> et artisanales \u00e0 avoir d\u00e9gust\u00e9es <strong>au moins une fois dans sa vie<\/strong>&#8230; Avant de s&rsquo;ouvrir \u00e0 toutes les autres !<\/p>\t\t\t\t\t\t\t\t<\/div>\n\t\t\t\t<\/div>\n\t\t\t\t<div class=\"elementor-element elementor-element-5b79513 elementor-widget-divider--view-line_text elementor-widget-divider--element-align-center elementor-widget elementor-widget-divider\" data-id=\"5b79513\" data-element_type=\"widget\" data-e-type=\"widget\" data-widget_type=\"divider.default\">\n\t\t\t\t<div class=\"elementor-widget-container\">\n\t\t\t\t\t\t\t<div class=\"elementor-divider\">\n\t\t\t<span class=\"elementor-divider-separator\">\n\t\t\t\t\t\t\t<h2 class=\"elementor-divider__text elementor-divider__element\">\n\t\t\t\t5. Queue de charrue ambr\u00e9e \u2219 Pour la tradition\t\t\t\t<\/h2>\n\t\t\t\t\t\t<\/span>\n\t\t<\/div>\n\t\t\t\t\t\t<\/div>\n\t\t\t\t<\/div>\n\t\t\t\t<section class=\"elementor-section elementor-inner-section elementor-element elementor-element-38f2a85 elementor-section-boxed elementor-section-height-default elementor-section-height-default\" data-id=\"38f2a85\" data-element_type=\"section\" data-e-type=\"section\">\n\t\t\t\t\t\t<div class=\"elementor-container elementor-column-gap-default\">\n\t\t\t\t\t<div class=\"elementor-column elementor-col-50 elementor-inner-column elementor-element elementor-element-409723d\" data-id=\"409723d\" data-element_type=\"column\" data-e-type=\"column\">\n\t\t\t<div class=\"elementor-widget-wrap elementor-element-populated\">\n\t\t\t\t\t\t<div class=\"elementor-element elementor-element-e903f72 elementor-widget elementor-widget-image\" data-id=\"e903f72\" data-element_type=\"widget\" data-e-type=\"widget\" data-widget_type=\"image.default\">\n\t\t\t\t<div class=\"elementor-widget-container\">\n\t\t\t\t\t\t\t\t\t\t\t\t\t\t\t<img fetchpriority=\"high\" decoding=\"async\" width=\"143\" height=\"416\" src=\"https:\/\/static.unepetitemousse.fr\/wp-content\/uploads\/2016\/03\/25113608\/bieCC80re-ambreCC81e-charrue.jpg\" class=\"attachment-large size-large wp-image-9217\" alt=\"Bi\u00e8re ambr\u00e9e queue de charrue\" srcset=\"https:\/\/static.unepetitemousse.fr\/wp-content\/uploads\/2016\/03\/25113608\/bieCC80re-ambreCC81e-charrue.jpg 143w, https:\/\/static.unepetitemousse.fr\/wp-content\/uploads\/2016\/03\/25113608\/bieCC80re-ambreCC81e-charrue-103x300.jpg 103w\" sizes=\"(max-width: 143px) 100vw, 143px\" \/>\t\t\t\t\t\t\t\t\t\t\t\t\t\t\t<\/div>\n\t\t\t\t<\/div>\n\t\t\t\t\t<\/div>\n\t\t<\/div>\n\t\t\t\t<div class=\"elementor-column elementor-col-50 elementor-inner-column elementor-element elementor-element-6c3e658\" data-id=\"6c3e658\" data-element_type=\"column\" data-e-type=\"column\">\n\t\t\t<div class=\"elementor-widget-wrap elementor-element-populated\">\n\t\t\t\t\t\t<div class=\"elementor-element elementor-element-c101328 elementor-widget elementor-widget-text-editor\" data-id=\"c101328\" data-element_type=\"widget\" data-e-type=\"widget\" data-widget_type=\"text-editor.default\">\n\t\t\t\t<div class=\"elementor-widget-container\">\n\t\t\t\t\t\t\t\t\t<div class=\"wp-block-image\">\n<p>En 1906, dans le village flamand de <em>Ploegsteert,<\/em> Henri Vanuxeem brasse une bi\u00e8re de qualit\u00e9.\u00a0Malheureusement, lorsqu\u2019il essaye de parler de \u00ab\u00a0<strong>la bi\u00e8re de <\/strong><em><strong>Ploegsteert<\/strong><\/em>\u00a0\u00bb, ses clients sont persuad\u00e9s qu\u2019il a\u00a0une quinte de toux. Pour sa nouvelle gamme de bouteilles, la Brasserie <a href=\"https:\/\/www.vanuxeem.com\/fr\/home\" target=\"_blank\" rel=\"noopener\">Vanuxeem<\/a> pr\u00e9f\u00e8re donc traduire en fran\u00e7ais le nom de ce village&#8230; <strong>Ainsi naissent les bi\u00e8res <\/strong><em><strong>Queue de Charrue<\/strong><\/em><strong>.<\/strong><\/p>\n<!-- \/wp:paragraph --><!-- wp:paragraph -->\n<p>Le brassage de cette bi\u00e8re est aujourd&rsquo;hui d\u00e9l\u00e9gu\u00e9 \u00e0 la brasserie Du Bocq, d\u2019Anvers. Titr\u00e9e \u00e0 5,5% puis referment\u00e9e en bouteille, la Queue de charrue ambr\u00e9e pr\u00e9sente une jolie teinte. Sa mousse fine et son corps l\u00e9ger rafra\u00eechissent subtilement. <strong>L&rsquo;id\u00e9al pour oublier la m\u00e9lancolie de la mer du Nord !<\/strong><\/p>\n<!-- \/wp:paragraph --><!-- wp:paragraph -->\n<p>Au nez, on sent une pointe fruit\u00e9e : <strong>l\u2019abricot, l\u2019orange<\/strong>&#8230; <strong>Puis le miel, et les ar\u00f4mes plus floraux du malt et du houblon<\/strong>. Une annonce d\u00e9licieuse qui se retrouve en bouche, o\u00f9 on d\u00e9couvre avec joie les \u00e9pices et une touche de levure.<\/p>\n<\/div>\t\t\t\t\t\t\t\t<\/div>\n\t\t\t\t<\/div>\n\t\t\t\t\t<\/div>\n\t\t<\/div>\n\t\t\t\t\t<\/div>\n\t\t<\/section>\n\t\t\t\t<div class=\"elementor-element elementor-element-061b83f elementor-widget-divider--view-line_text elementor-widget-divider--element-align-center elementor-widget elementor-widget-divider\" data-id=\"061b83f\" data-element_type=\"widget\" data-e-type=\"widget\" data-widget_type=\"divider.default\">\n\t\t\t\t<div class=\"elementor-widget-container\">\n\t\t\t\t\t\t\t<div class=\"elementor-divider\">\n\t\t\t<span class=\"elementor-divider-separator\">\n\t\t\t\t\t\t\t<h2 class=\"elementor-divider__text elementor-divider__element\">\n\t\t\t\t4. Bi\u00e8re ambr\u00e9e Bush \u2219 Pour la force\t\t\t\t<\/h2>\n\t\t\t\t\t\t<\/span>\n\t\t<\/div>\n\t\t\t\t\t\t<\/div>\n\t\t\t\t<\/div>\n\t\t\t\t<section class=\"elementor-section elementor-inner-section elementor-element elementor-element-ec9114f elementor-section-boxed elementor-section-height-default elementor-section-height-default\" data-id=\"ec9114f\" data-element_type=\"section\" data-e-type=\"section\">\n\t\t\t\t\t\t<div class=\"elementor-container elementor-column-gap-default\">\n\t\t\t\t\t<div class=\"elementor-column elementor-col-50 elementor-inner-column elementor-element elementor-element-0cb3909\" data-id=\"0cb3909\" data-element_type=\"column\" data-e-type=\"column\">\n\t\t\t<div class=\"elementor-widget-wrap elementor-element-populated\">\n\t\t\t\t\t\t<div class=\"elementor-element elementor-element-be25f6b elementor-widget elementor-widget-image\" data-id=\"be25f6b\" data-element_type=\"widget\" data-e-type=\"widget\" data-widget_type=\"image.default\">\n\t\t\t\t<div class=\"elementor-widget-container\">\n\t\t\t\t\t\t\t\t\t\t\t\t\t\t\t<img decoding=\"async\" width=\"165\" height=\"409\" src=\"https:\/\/static.unepetitemousse.fr\/wp-content\/uploads\/2016\/03\/25113607\/bieCC80re-ambreCC81e-bush.jpg\" class=\"attachment-large size-large wp-image-9216\" alt=\"bi\u00e8re ambr\u00e9e Bush\" srcset=\"https:\/\/static.unepetitemousse.fr\/wp-content\/uploads\/2016\/03\/25113607\/bieCC80re-ambreCC81e-bush.jpg 165w, https:\/\/static.unepetitemousse.fr\/wp-content\/uploads\/2016\/03\/25113607\/bieCC80re-ambreCC81e-bush-121x300.jpg 121w\" sizes=\"(max-width: 165px) 100vw, 165px\" \/>\t\t\t\t\t\t\t\t\t\t\t\t\t\t\t<\/div>\n\t\t\t\t<\/div>\n\t\t\t\t\t<\/div>\n\t\t<\/div>\n\t\t\t\t<div class=\"elementor-column elementor-col-50 elementor-inner-column elementor-element elementor-element-9f1b405\" data-id=\"9f1b405\" data-element_type=\"column\" data-e-type=\"column\">\n\t\t\t<div class=\"elementor-widget-wrap elementor-element-populated\">\n\t\t\t\t\t\t<div class=\"elementor-element elementor-element-12bb246 elementor-widget elementor-widget-text-editor\" data-id=\"12bb246\" data-element_type=\"widget\" data-e-type=\"widget\" data-widget_type=\"text-editor.default\">\n\t\t\t\t<div class=\"elementor-widget-container\">\n\t\t\t\t\t\t\t\t\t<div class=\"wp-block-image\">\n<p>En 1933, les fils Dubuisson viennent de reprendre la brasserie familiale. Ils font face \u00e0 un concurrent perfide\u00a0:<strong> les Anglais qui tr\u00f4nent d\u00e9j\u00e0 sur le march\u00e9 des bi\u00e8res fortes<\/strong>. Qu\u2019\u00e0 cela ne tienne\u00a0! Si les bi\u00e8res d&rsquo;Angleterre annoncent\u00a06 ou 8 <a href=\"https:\/\/unepetitemousse.fr\/blog\/acronymes-de-la-biere\/\" target=\"_blank\" rel=\"noopener\">ABV<\/a>, eh bien <strong>la <a href=\"https:\/\/www.dubuisson.com\/fr\/\" target=\"_blank\" rel=\"noopener\">brasserie Dubuisson<\/a> lancera un fleuron plus puissant encore\u00a0: une bi\u00e8re ambr\u00e9e \u00e0 12%<\/strong> !<\/p>\n<p><!-- \/wp:paragraph --><!-- wp:paragraph --><\/p>\n<p><strong>Pour chasser sur les terres d&rsquo;Outre-Manche<\/strong>, ils lui donnent un nom et un slogan en anglais\u00a0: <em>Bush beer<\/em>, <em>the strongest Belgian beer<\/em><strong>.<\/strong> Sacr\u00e9s Dubuisson\u00a0! Ce sont les m\u00eames qui brassent la <em>Cuv\u00e9e des Trolls<\/em>, d\u2019ailleurs. La Bush Ambr\u00e9e a beau avoir le nom de deux anciens pr\u00e9sidents am\u00e9ricains, elle en demeure belge \u00e0 100 %. Un succ\u00e8s qui d\u00e9passe ses fronti\u00e8res et <strong>couronn\u00e9 d&rsquo;une flop\u00e9e de prix internationaux<\/strong>, dont plusieurs m\u00e9dailles d\u2019or aux Championnats du Monde de Chicago.<\/p>\n<p><!-- \/wp:paragraph --><!-- wp:quote --><\/p>\n<blockquote class=\"wp-block-quote\">\n<p><em>\u00ab A beer in the hand is worth two if it&rsquo;s a Bush \u00bb<\/em><\/p>\n<\/blockquote>\n<p><!-- \/wp:quote --><!-- wp:paragraph --><\/p>\n<p>Elle mousse peu, mais qu\u2019est-ce qu&rsquo;elle est belle\u00a0! Sa teinte est cuivr\u00e9e, presque trouble. <strong>Son nez est fruit\u00e9, on sent le malt et du caramel<\/strong>. Avec ses 12\u00b0, il y a \u00e9videmment aussi une forte odeur persistante d&rsquo;alcool.\u00a0On retrouve ces chaleureux degr\u00e9s en bouche, auxquels s\u2019ajoutent des notes de poire et d\u2019\u00e9pices.\u00a0<strong>On obtient une bi\u00e8re typ\u00e9e, forte mais \u00e9quilibr\u00e9e !<\/strong><\/p>\n<\/div>\t\t\t\t\t\t\t\t<\/div>\n\t\t\t\t<\/div>\n\t\t\t\t\t<\/div>\n\t\t<\/div>\n\t\t\t\t\t<\/div>\n\t\t<\/section>\n\t\t\t\t<div class=\"elementor-element elementor-element-9f49384 elementor-widget-divider--view-line_text elementor-widget-divider--element-align-center elementor-widget elementor-widget-divider\" data-id=\"9f49384\" data-element_type=\"widget\" data-e-type=\"widget\" data-widget_type=\"divider.default\">\n\t\t\t\t<div class=\"elementor-widget-container\">\n\t\t\t\t\t\t\t<div class=\"elementor-divider\">\n\t\t\t<span class=\"elementor-divider-separator\">\n\t\t\t\t\t\t\t<h2 class=\"elementor-divider__text elementor-divider__element\">\n\t\t\t\t3. La Kwak \u2219 Pour le style\t\t\t\t<\/h2>\n\t\t\t\t\t\t<\/span>\n\t\t<\/div>\n\t\t\t\t\t\t<\/div>\n\t\t\t\t<\/div>\n\t\t\t\t<section class=\"elementor-section elementor-inner-section elementor-element elementor-element-7eec6c8 elementor-section-boxed elementor-section-height-default elementor-section-height-default\" data-id=\"7eec6c8\" data-element_type=\"section\" data-e-type=\"section\">\n\t\t\t\t\t\t<div class=\"elementor-container elementor-column-gap-default\">\n\t\t\t\t\t<div class=\"elementor-column elementor-col-50 elementor-inner-column elementor-element elementor-element-2de06ec\" data-id=\"2de06ec\" data-element_type=\"column\" data-e-type=\"column\">\n\t\t\t<div class=\"elementor-widget-wrap elementor-element-populated\">\n\t\t\t\t\t\t<div class=\"elementor-element elementor-element-ac5b33f elementor-widget elementor-widget-image\" data-id=\"ac5b33f\" data-element_type=\"widget\" data-e-type=\"widget\" data-widget_type=\"image.default\">\n\t\t\t\t<div class=\"elementor-widget-container\">\n\t\t\t\t\t\t\t\t\t\t\t\t\t\t\t<img decoding=\"async\" width=\"173\" height=\"401\" src=\"https:\/\/static.unepetitemousse.fr\/wp-content\/uploads\/2016\/03\/25113608\/bieCC80re-ambreCC81e-kwak.jpg\" class=\"attachment-large size-large wp-image-9218\" alt=\"Bi\u00e8re ambr\u00e9e Kwak\" srcset=\"https:\/\/static.unepetitemousse.fr\/wp-content\/uploads\/2016\/03\/25113608\/bieCC80re-ambreCC81e-kwak.jpg 173w, https:\/\/static.unepetitemousse.fr\/wp-content\/uploads\/2016\/03\/25113608\/bieCC80re-ambreCC81e-kwak-129x300.jpg 129w\" sizes=\"(max-width: 173px) 100vw, 173px\" \/>\t\t\t\t\t\t\t\t\t\t\t\t\t\t\t<\/div>\n\t\t\t\t<\/div>\n\t\t\t\t\t<\/div>\n\t\t<\/div>\n\t\t\t\t<div class=\"elementor-column elementor-col-50 elementor-inner-column elementor-element elementor-element-b5bd366\" data-id=\"b5bd366\" data-element_type=\"column\" data-e-type=\"column\">\n\t\t\t<div class=\"elementor-widget-wrap elementor-element-populated\">\n\t\t\t\t\t\t<div class=\"elementor-element elementor-element-0e644e2 elementor-widget elementor-widget-text-editor\" data-id=\"0e644e2\" data-element_type=\"widget\" data-e-type=\"widget\" data-widget_type=\"text-editor.default\">\n\t\t\t\t<div class=\"elementor-widget-container\">\n\t\t\t\t\t\t\t\t\t<div class=\"wp-block-image\">\n<p>Cette bi\u00e8re ambr\u00e9e <strong>n\u00e9e en 1791<\/strong> porte le nom de son cr\u00e9ateur, Pauwell Kwak, un aubergiste de Flandre Orientale, excellent brasseur, vous l&rsquo;aurez devin\u00e9&#8230; mais pas que ! En effet, Si M. Kwak a rapidement fait parler de lui dans tous les environs pour la qualit\u00e9 du breuvage malt\u00e9, il a \u00e9galement su se faire remarquer pour avoir invent\u00e9 le <strong>verre du cocher <\/strong>! Ce fameux verre permettait aux cochers de siroter tranquillement leur bi\u00e8re sans descendre de leur diligence et de <strong>l&rsquo;accrocher \u00e0 leur taille entre 2 lamp\u00e9es<\/strong>&#8230;<\/p>\n<p>Titrant 8,4\u00b0 tout de m\u00eame, la <a href=\"https:\/\/unepetitemousse.fr\/blog\/kwak-biere\/\" target=\"_blank\" rel=\"noopener\">Kwak<\/a> b\u00e9n\u00e9ficie d\u2019une robe de bronze profond et d\u2019une mousse cr\u00e9meuse, comme sa cousine blonde la <a href=\"https:\/\/unepetitemousse.fr\/blog\/tripel-karmeliet\/\" target=\"_blank\" rel=\"noopener\">Tripel Karmeliet<\/a>. <strong>Son nez d\u00e9livre des senteurs de malt, d\u2019\u00e9pices et de fruits<\/strong>. Une touche de banane, une bouff\u00e9e fugitive de mangue ou de pamplemousse&#8230; La levure appara\u00eet dans un d\u00e9tour.<\/p>\n<p><!-- \/wp:paragraph --><!-- wp:image {\"align\":\"right\",\"width\":205,\"height\":136,\"sizeSlug\":\"large\"} --><\/p>\n<p><!-- \/wp:image --><!-- wp:paragraph --><\/p>\n<p>\u00a0<\/p>\n<\/div>\t\t\t\t\t\t\t\t<\/div>\n\t\t\t\t<\/div>\n\t\t\t\t\t<\/div>\n\t\t<\/div>\n\t\t\t\t\t<\/div>\n\t\t<\/section>\n\t\t\t\t<section class=\"elementor-section elementor-inner-section elementor-element elementor-element-feb0eb4 elementor-section-boxed elementor-section-height-default elementor-section-height-default\" data-id=\"feb0eb4\" data-element_type=\"section\" data-e-type=\"section\">\n\t\t\t\t\t\t<div class=\"elementor-container elementor-column-gap-default\">\n\t\t\t\t\t<div class=\"elementor-column elementor-col-50 elementor-inner-column elementor-element elementor-element-2750440\" data-id=\"2750440\" data-element_type=\"column\" data-e-type=\"column\">\n\t\t\t<div class=\"elementor-widget-wrap elementor-element-populated\">\n\t\t\t\t\t\t<div class=\"elementor-element elementor-element-0b4870b elementor-widget elementor-widget-text-editor\" data-id=\"0b4870b\" data-element_type=\"widget\" data-e-type=\"widget\" data-widget_type=\"text-editor.default\">\n\t\t\t\t<div class=\"elementor-widget-container\">\n\t\t\t\t\t\t\t\t\t<p><!-- \/wp:paragraph --><!-- wp:paragraph --><\/p>\n<p><strong>En bouche, on d\u00e9couvre\u00a0des saveurs de prunes et de noix. <\/strong>Le malt caram\u00e9lis\u00e9 se fait tr\u00e8s pr\u00e9sent sur les papilles. La bi\u00e8re est ronde en bouche, et l\u2019amertume toujours en arri\u00e8re-plan se r\u00e9v\u00e8le enfin sur la finale. Cette bi\u00e8re s\u00e9culaire aujourd&rsquo;hui brass\u00e9e par <a href=\"http:\/\/www.difcom.com\/brasseries-bosteels\/\" target=\"_blank\" rel=\"noopener\">Bosteels<\/a> figure parmi les bi\u00e8res ambr\u00e9es belges les plus connues !<\/p>\t\t\t\t\t\t\t\t<\/div>\n\t\t\t\t<\/div>\n\t\t\t\t\t<\/div>\n\t\t<\/div>\n\t\t\t\t<div class=\"elementor-column elementor-col-50 elementor-inner-column elementor-element elementor-element-3de46bc\" data-id=\"3de46bc\" data-element_type=\"column\" data-e-type=\"column\">\n\t\t\t<div class=\"elementor-widget-wrap elementor-element-populated\">\n\t\t\t\t\t\t<div class=\"elementor-element elementor-element-59138bc elementor-widget elementor-widget-image\" data-id=\"59138bc\" data-element_type=\"widget\" data-e-type=\"widget\" data-widget_type=\"image.default\">\n\t\t\t\t<div class=\"elementor-widget-container\">\n\t\t\t\t\t\t\t\t\t\t\t\t<figure class=\"wp-caption\">\n\t\t\t\t\t\t\t\t\t\t<img loading=\"lazy\" decoding=\"async\" width=\"800\" height=\"531\" src=\"https:\/\/static.unepetitemousse.fr\/wp-content\/uploads\/2020\/07\/09111312\/Kwak-verre.jpg\" class=\"attachment-large size-large wp-image-22760\" alt=\"biere belge ambree\" srcset=\"https:\/\/static.unepetitemousse.fr\/wp-content\/uploads\/2020\/07\/09111312\/Kwak-verre.jpg 1024w, https:\/\/static.unepetitemousse.fr\/wp-content\/uploads\/2020\/07\/09111312\/Kwak-verre-300x199.jpg 300w, https:\/\/static.unepetitemousse.fr\/wp-content\/uploads\/2020\/07\/09111312\/Kwak-verre-768x510.jpg 768w\" sizes=\"(max-width: 800px) 100vw, 800px\" \/>\t\t\t\t\t\t\t\t\t\t\t<figcaption class=\"widget-image-caption wp-caption-text\">Le verre du cocher, encore de rigueur aujourd'hui !<\/figcaption>\n\t\t\t\t\t\t\t\t\t\t<\/figure>\n\t\t\t\t\t\t\t\t\t<\/div>\n\t\t\t\t<\/div>\n\t\t\t\t\t<\/div>\n\t\t<\/div>\n\t\t\t\t\t<\/div>\n\t\t<\/section>\n\t\t\t\t<div class=\"elementor-element elementor-element-3746858 elementor-widget-divider--view-line_text elementor-widget-divider--element-align-center elementor-widget elementor-widget-divider\" data-id=\"3746858\" data-element_type=\"widget\" data-e-type=\"widget\" data-widget_type=\"divider.default\">\n\t\t\t\t<div class=\"elementor-widget-container\">\n\t\t\t\t\t\t\t<div class=\"elementor-divider\">\n\t\t\t<span class=\"elementor-divider-separator\">\n\t\t\t\t\t\t\t<h2 class=\"elementor-divider__text elementor-divider__element\">\n\t\t\t\t2. Troubadour Magma \u2219 Pour la surprise\t\t\t\t<\/h2>\n\t\t\t\t\t\t<\/span>\n\t\t<\/div>\n\t\t\t\t\t\t<\/div>\n\t\t\t\t<\/div>\n\t\t\t\t<section class=\"elementor-section elementor-inner-section elementor-element elementor-element-31044a3 elementor-section-boxed elementor-section-height-default elementor-section-height-default\" data-id=\"31044a3\" data-element_type=\"section\" data-e-type=\"section\">\n\t\t\t\t\t\t<div class=\"elementor-container elementor-column-gap-default\">\n\t\t\t\t\t<div class=\"elementor-column elementor-col-50 elementor-inner-column elementor-element elementor-element-b4454d9\" data-id=\"b4454d9\" data-element_type=\"column\" data-e-type=\"column\">\n\t\t\t<div class=\"elementor-widget-wrap elementor-element-populated\">\n\t\t\t\t\t\t<div class=\"elementor-element elementor-element-adf5285 elementor-widget elementor-widget-image\" data-id=\"adf5285\" data-element_type=\"widget\" data-e-type=\"widget\" data-widget_type=\"image.default\">\n\t\t\t\t<div class=\"elementor-widget-container\">\n\t\t\t\t\t\t\t\t\t\t\t\t\t\t\t<img loading=\"lazy\" decoding=\"async\" width=\"166\" height=\"406\" src=\"https:\/\/static.unepetitemousse.fr\/wp-content\/uploads\/2016\/03\/25113608\/bieCC80re-ambreCC81e-troubadour.jpg\" class=\"attachment-large size-large wp-image-9219\" alt=\"Bi\u00e8re ambr\u00e9e troubadour magma\" srcset=\"https:\/\/static.unepetitemousse.fr\/wp-content\/uploads\/2016\/03\/25113608\/bieCC80re-ambreCC81e-troubadour.jpg 166w, https:\/\/static.unepetitemousse.fr\/wp-content\/uploads\/2016\/03\/25113608\/bieCC80re-ambreCC81e-troubadour-123x300.jpg 123w\" sizes=\"(max-width: 166px) 100vw, 166px\" \/>\t\t\t\t\t\t\t\t\t\t\t\t\t\t\t<\/div>\n\t\t\t\t<\/div>\n\t\t\t\t\t<\/div>\n\t\t<\/div>\n\t\t\t\t<div class=\"elementor-column elementor-col-50 elementor-inner-column elementor-element elementor-element-236f327\" data-id=\"236f327\" data-element_type=\"column\" data-e-type=\"column\">\n\t\t\t<div class=\"elementor-widget-wrap elementor-element-populated\">\n\t\t\t\t\t\t<div class=\"elementor-element elementor-element-2252d55 elementor-widget elementor-widget-text-editor\" data-id=\"2252d55\" data-element_type=\"widget\" data-e-type=\"widget\" data-widget_type=\"text-editor.default\">\n\t\t\t\t<div class=\"elementor-widget-container\">\n\t\t\t\t\t\t\t\t\t<div class=\"wp-block-image\">\n<p>La Troubadour Magma est une bi\u00e8re ambr\u00e9e surprenante et d\u00e9licieuse dont l&rsquo;histoire est pour le moins originale&#8230; Les <a href=\"https:\/\/unepetitemousse.fr\/blog\/biere-ipa\/\" target=\"_blank\" rel=\"noopener\">India Pale Ale<\/a>\u00a0sont ces bi\u00e8res tr\u00e8s houblonn\u00e9es, invent\u00e9es par les Anglais pour d\u00e9salt\u00e9rer leurs troupes coloniales, puis remises \u00e0 la mode par les Am\u00e9ricains. <strong>La Troubadour Magma s\u2019en inspire fortement, tout en y apportant les saveurs d\u2019une triple belge<\/strong>. Titrant 9% elle r\u00e9ussit \u00e0 \u00eatre exotique <em>et<\/em> \u00e9quilibr\u00e9e.<\/p>\n<p><!-- \/wp:paragraph --><!-- wp:paragraph --><\/p>\n<p>Au nez, <strong>elle a des senteurs qui font chanter le parfum des fleurs<\/strong> et emportent au loin les fruits. C\u2019est beau comme du Mozart, si Mozart avait des bulles et l\u2019odeur de la for\u00eat am\u00e9ricaine ! La bouche r\u00e9unit l\u2019amertume \u00e9pic\u00e9e des IPA et les go\u00fbts fruit\u00e9s des bi\u00e8res belges triples. <strong>Le houblonnage \u00e0 cru exprime des ar\u00f4mes floraux<\/strong>. On trouve aussi des notes levur\u00e9es, et les saveurs de s\u00e8ve de pin annonc\u00e9es au nez.<\/p>\n<p><!-- \/wp:paragraph --><!-- wp:paragraph --><\/p>\n<p>Bon \u00e0 savoir : chaque ann\u00e9e, la brasserie <a href=\"https:\/\/themusketeers.be\/fr\/\" target=\"_blank\" rel=\"noopener\">The Musketeers<\/a>\u00a0produit une Troubadour Magma en \u00e9dition sp\u00e9ciale. Apr\u00e8s une ann\u00e9e 2013 au houblon de Nouvelle-Z\u00e9lande, la Magma s\u2019est vue d\u00e9clin\u00e9e en \u00ab\u00a0Triple Yeast\u00a0\u00bb, puis en Imperial IPA \u00ab\u00a0Triple Spiked Brett\u00a0\u00bb en 2015.<\/p>\n<\/div>\t\t\t\t\t\t\t\t<\/div>\n\t\t\t\t<\/div>\n\t\t\t\t\t<\/div>\n\t\t<\/div>\n\t\t\t\t\t<\/div>\n\t\t<\/section>\n\t\t\t\t<div class=\"elementor-element elementor-element-1d80a53 elementor-widget-divider--view-line_text elementor-widget-divider--element-align-center elementor-widget elementor-widget-divider\" data-id=\"1d80a53\" data-element_type=\"widget\" data-e-type=\"widget\" data-widget_type=\"divider.default\">\n\t\t\t\t<div class=\"elementor-widget-container\">\n\t\t\t\t\t\t\t<div class=\"elementor-divider\">\n\t\t\t<span class=\"elementor-divider-separator\">\n\t\t\t\t\t\t\t<h2 class=\"elementor-divider__text elementor-divider__element\">\n\t\t\t\t1. Orval \u2219 Pour le prestige\t\t\t\t<\/h2>\n\t\t\t\t\t\t<\/span>\n\t\t<\/div>\n\t\t\t\t\t\t<\/div>\n\t\t\t\t<\/div>\n\t\t\t\t<section class=\"elementor-section elementor-inner-section elementor-element elementor-element-8f310c6 elementor-section-boxed elementor-section-height-default elementor-section-height-default\" data-id=\"8f310c6\" data-element_type=\"section\" data-e-type=\"section\">\n\t\t\t\t\t\t<div class=\"elementor-container elementor-column-gap-default\">\n\t\t\t\t\t<div class=\"elementor-column elementor-col-50 elementor-inner-column elementor-element elementor-element-f297837\" data-id=\"f297837\" data-element_type=\"column\" data-e-type=\"column\">\n\t\t\t<div class=\"elementor-widget-wrap elementor-element-populated\">\n\t\t\t\t\t\t<div class=\"elementor-element elementor-element-c4bb7d7 elementor-widget elementor-widget-image\" data-id=\"c4bb7d7\" data-element_type=\"widget\" data-e-type=\"widget\" data-widget_type=\"image.default\">\n\t\t\t\t<div class=\"elementor-widget-container\">\n\t\t\t\t\t\t\t\t\t\t\t\t\t\t\t<img loading=\"lazy\" decoding=\"async\" width=\"165\" height=\"409\" src=\"https:\/\/static.unepetitemousse.fr\/wp-content\/uploads\/2016\/03\/18155228\/biere-ambree-belge-orval.jpg\" class=\"attachment-large size-large wp-image-77624\" alt=\"\" srcset=\"https:\/\/static.unepetitemousse.fr\/wp-content\/uploads\/2016\/03\/18155228\/biere-ambree-belge-orval.jpg 165w, https:\/\/static.unepetitemousse.fr\/wp-content\/uploads\/2016\/03\/18155228\/biere-ambree-belge-orval-121x300.jpg 121w\" sizes=\"(max-width: 165px) 100vw, 165px\" \/>\t\t\t\t\t\t\t\t\t\t\t\t\t\t\t<\/div>\n\t\t\t\t<\/div>\n\t\t\t\t\t<\/div>\n\t\t<\/div>\n\t\t\t\t<div class=\"elementor-column elementor-col-50 elementor-inner-column elementor-element elementor-element-022bbe6\" data-id=\"022bbe6\" data-element_type=\"column\" data-e-type=\"column\">\n\t\t\t<div class=\"elementor-widget-wrap elementor-element-populated\">\n\t\t\t\t\t\t<div class=\"elementor-element elementor-element-b3c094e elementor-widget elementor-widget-text-editor\" data-id=\"b3c094e\" data-element_type=\"widget\" data-e-type=\"widget\" data-widget_type=\"text-editor.default\">\n\t\t\t\t<div class=\"elementor-widget-container\">\n\t\t\t\t\t\t\t\t\t<div class=\"wp-block-image\">\n<p>Il \u00e9tait une fois une belle comtesse agenouill\u00e9e au bord d&rsquo;une rivi\u00e8re d\u2019eau pure&#8230; Elle pleure\u00a0son mari mort dont il ne lui reste que son anneau d\u2019or.<strong> C&rsquo;est alors que, malheur, son bel anneau tombe au fond de l\u2019eau<\/strong>. Qui ira le chercher\u00a0? Un galant, peut-\u00eatre, qui risque de se noyer comme dans la chanson d&rsquo;Isabeau ? Non\u00a0! Dans la Belgique de 1076, la comtesse Mathilde prie la Vierge Marie. La r\u00e9ponse ne se fera pas attendre et viendra sous la forme d\u2019une truite tenant l&rsquo;anneau dans sa bouche !<\/p>\n<p><!-- \/wp:paragraph --><!-- wp:pullquote {\"customMainColor\":\"#b7900d\"} --><\/p>\n<figure class=\"wp-block-pullquote\" style=\"border-color: #b7900d;\">\n<blockquote>\n<p>\u00ab\u00a0<em>C\u2019est vraiment un Val d\u2019Or\u00a0!<\/em>\u00a0\u00bb s\u2019\u00e9crie Mathilde.<br \/>Et ainsi fut baptis\u00e9e <strong>Orval<\/strong> l&rsquo;abbaye \u00e9rig\u00e9e en lieu et place du miracle.<\/p>\n<\/blockquote>\n<\/figure>\n<p><!-- \/wp:pullquote --><!-- wp:paragraph --><\/p>\n<p>\u00c0 l\u2019Abbaye <a href=\"https:\/\/www.orval.be\/fr\/\" target=\"_blank\" rel=\"noopener\">Notre-Dame d\u2019Orval<\/a>, on s\u00e9lectionne l\u2019orge et des houblons aromatiques pour brasser une bi\u00e8re de fermentation haute. <a href=\"https:\/\/unepetitemousse.fr\/blog\/orval-biere\/\" target=\"_blank\" rel=\"noopener\">L\u2019Orval<\/a> (<em>nom masculin, attention ! On boit un Orval, de m\u00eame qu&rsquo;un Stout<\/em>)\u00a0pr\u00e9sente une robe ambr\u00e9e claire, et une mousse abondante et onctueuse. <strong>Son odeur discr\u00e8te d\u2019agrume et et de c\u00e9r\u00e9ales<\/strong> laisse la place aux senteurs du houblon, d\u00e9licieuses. En bouche, <strong>c\u2019est une bi\u00e8re complexe<\/strong>. Apr\u00e8s des saveurs citronn\u00e9es, son amertume appara\u00eet, massive et majestueuse \u2013 et ouvre la porte \u00e0 une structure \u00e9labor\u00e9e, \u00e0 base de houblons, levure et caramel.<\/p>\n<p><!-- \/wp:paragraph --><!-- wp:paragraph --><\/p>\n<p>Titrant 6,2\u00b0, le go\u00fbt d\u2019alcool est l\u00e9ger face \u00e0 la force g\u00e9n\u00e9rale du breuvage. <strong>Certains la qualifient m\u00eame de meilleure bi\u00e8re du monde<\/strong> ! Bi\u00e8re ambr\u00e9e de d\u00e9gustation pour connaisseur, elle s\u2019accompagne \u00e0 merveille d\u2019un <a href=\"https:\/\/laboxfromage.fr\/\" target=\"_blank\" rel=\"noopener\">fromage<\/a> au go\u00fbt fruit\u00e9.<\/p>\n<\/div>\t\t\t\t\t\t\t\t<\/div>\n\t\t\t\t<\/div>\n\t\t\t\t\t<\/div>\n\t\t<\/div>\n\t\t\t\t\t<\/div>\n\t\t<\/section>\n\t\t\t\t<div class=\"elementor-element elementor-element-593b872 elementor-widget-divider--view-line elementor-widget elementor-widget-divider\" data-id=\"593b872\" data-element_type=\"widget\" data-e-type=\"widget\" data-widget_type=\"divider.default\">\n\t\t\t\t<div class=\"elementor-widget-container\">\n\t\t\t\t\t\t\t<div class=\"elementor-divider\">\n\t\t\t<span class=\"elementor-divider-separator\">\n\t\t\t\t\t\t<\/span>\n\t\t<\/div>\n\t\t\t\t\t\t<\/div>\n\t\t\t\t<\/div>\n\t\t\t\t<div class=\"elementor-element elementor-element-9884c4c elementor-widget elementor-widget-text-editor\" data-id=\"9884c4c\" data-element_type=\"widget\" data-e-type=\"widget\" data-widget_type=\"text-editor.default\">\n\t\t\t\t<div class=\"elementor-widget-container\">\n\t\t\t\t\t\t\t\t\t<p>Avec ces 5 bi\u00e8res ambr\u00e9es belges, <strong>vous \u00eates par\u00e9s pour vous initier \u00e0 ce style rond et caram\u00e9lis\u00e9 ! <\/strong><\/p>\n<p>Et si vous voulez poursuivre votre exploration avec des r\u00e9f\u00e9rences moins classiques, nous vous recommandons d&rsquo;aller faire un tour du c\u00f4t\u00e9 de la boutique en ligne Une Petite Mousse, qui vous propose une<strong> s\u00e9lection des meilleures bi\u00e8res ambr\u00e9es du monde<\/strong>.\u00a0<\/p>\t\t\t\t\t\t\t\t<\/div>\n\t\t\t\t<\/div>\n\t\t\t\t<div class=\"elementor-element elementor-element-f4b4be4 elementor-cta--skin-classic elementor-animated-content elementor-bg-transform elementor-bg-transform-zoom-in elementor-widget elementor-widget-call-to-action\" data-id=\"f4b4be4\" data-element_type=\"widget\" data-e-type=\"widget\" data-widget_type=\"call-to-action.default\">\n\t\t\t\t<div class=\"elementor-widget-container\">\n\t\t\t\t\t\t\t<a class=\"elementor-cta\" href=\"https:\/\/une.pm\/3s2gTyu\">\n\t\t\t\t\t<div class=\"elementor-cta__bg-wrapper\">\n\t\t\t\t<div class=\"elementor-cta__bg elementor-bg\" style=\"background-image: url(https:\/\/static.unepetitemousse.fr\/wp-content\/uploads\/2016\/03\/18173841\/biere-ambree-achat.jpg);\" role=\"img\" aria-label=\"biere-ambree-achat\"><\/div>\n\t\t\t\t<div class=\"elementor-cta__bg-overlay\"><\/div>\n\t\t\t<\/div>\n\t\t\t\t\t\t\t<div class=\"elementor-cta__content\">\n\t\t\t\t\n\t\t\t\t\t\t\t\t\t<h2 class=\"elementor-cta__title elementor-cta__content-item elementor-content-item\">\n\t\t\t\t\t\tAcheter des bi\u00e8res ambr\u00e9es en ligne\t\t\t\t\t<\/h2>\n\t\t\t\t\n\t\t\t\t\t\t\t\t\t<div class=\"elementor-cta__description elementor-cta__content-item elementor-content-item\">\n\t\t\t\t\t\tSierra Nevada, Baladin, BRLO, Baladin, Rochefort, Hitachino Nest Samichlaus... <br>Faites vous livrer les meilleures bi\u00e8res ambr\u00e9es directement \u00e0 domicile\t\t\t\t\t<\/div>\n\t\t\t\t\n\t\t\t\t\t\t\t\t\t<div class=\"elementor-cta__button-wrapper elementor-cta__content-item elementor-content-item \">\n\t\t\t\t\t<span class=\"elementor-cta__button elementor-button elementor-size-md\">\n\t\t\t\t\t\tJe fais le stock\t\t\t\t\t<\/span>\n\t\t\t\t\t<\/div>\n\t\t\t\t\t\t\t<\/div>\n\t\t\t\t\t\t<\/a>\n\t\t\t\t\t\t<\/div>\n\t\t\t\t<\/div>\n\t\t\t\t<div class=\"elementor-element elementor-element-48f7d39 elementor-widget-divider--view-line_text elementor-widget-divider--element-align-center elementor-widget elementor-widget-divider\" data-id=\"48f7d39\" data-element_type=\"widget\" data-e-type=\"widget\" data-widget_type=\"divider.default\">\n\t\t\t\t<div class=\"elementor-widget-container\">\n\t\t\t\t\t\t\t<div class=\"elementor-divider\">\n\t\t\t<span class=\"elementor-divider-separator\">\n\t\t\t\t\t\t\t<span class=\"elementor-divider__text elementor-divider__element\">\n\t\t\t\tPour aller plus loin\t\t\t\t<\/span>\n\t\t\t\t\t\t<\/span>\n\t\t<\/div>\n\t\t\t\t\t\t<\/div>\n\t\t\t\t<\/div>\n\t\t\t\t<div class=\"elementor-element elementor-element-f0ef692 elementor-widget elementor-widget-text-editor\" data-id=\"f0ef692\" data-element_type=\"widget\" data-e-type=\"widget\" data-widget_type=\"text-editor.default\">\n\t\t\t\t<div class=\"elementor-widget-container\">\n\t\t\t\t\t\t\t\t\t<p>D\u00e9couvrez en d\u00e9tail ces belges d\u2019excellence :<\/p>\n<p><!-- \/wp:paragraph --><!-- wp:list --><\/p>\n<ul>\n<li><a href=\"https:\/\/unepetitemousse.fr\/blog\/orval-biere\/\" target=\"_blank\" rel=\"noopener\">L\u2019Orval<\/a><\/li>\n<li><a href=\"https:\/\/unepetitemousse.fr\/blog\/kwak-biere\/\" target=\"_blank\" rel=\"noopener\">La Kwak<\/a><\/li>\n<li><a href=\"https:\/\/unepetitemousse.fr\/blog\/tripel-karmeliet\/\" target=\"_blank\" rel=\"noopener\">La Tripel Karmeliet<\/a><\/li>\n<li><a href=\"https:\/\/unepetitemousse.fr\/blog\/chimay-bleue\/\" target=\"_blank\" rel=\"noopener\">La Chimay bleue<\/a><\/li>\n<li><a href=\"https:\/\/unepetitemousse.fr\/blog\/kasteel\/\" target=\"_blank\" rel=\"noopener\">La Kasteel<\/a><\/li>\n<li><a href=\"https:\/\/unepetitemousse.fr\/blog\/biere-chouffe\/\" target=\"_blank\" rel=\"noopener\">La Chouffe<\/a><\/li>\n<li><a href=\"https:\/\/unepetitemousse.fr\/blog\/brussels-beer-project\/\">Les bi\u00e8res de Brussels Beer Project<\/a><\/li>\n<li><a href=\"https:\/\/unepetitemousse.fr\/blog\/biere-acide\/\" target=\"_blank\" rel=\"noopener\">Les Gueuzes et Lambics<\/a><\/li>\n<li><a href=\"https:\/\/unepetitemousse.fr\/blog\/delirium-tremens-biere\/\" target=\"_blank\" rel=\"noopener\">La Delirium Tremens<\/a><\/li>\n<li><a href=\"https:\/\/unepetitemousse.fr\/blog\/biere-trappiste-belge\/\" target=\"_blank\" rel=\"noopener\">Les bi\u00e8res trappistes belges<\/a><\/li>\n<\/ul>\n<p><!-- \/wp:list --><!-- wp:paragraph --><\/p>\n<p>Apprenez-en plus sur <a href=\"https:\/\/unepetitemousse.fr\/blog\/bieres-belges-en-france\/\">la consommation de bi\u00e8re belge en France<\/a>.<\/p>\t\t\t\t\t\t\t\t<\/div>\n\t\t\t\t<\/div>\n\t\t\t\t<div class=\"elementor-element elementor-element-2e85327 elementor-widget elementor-widget-html\" data-id=\"2e85327\" data-element_type=\"widget\" data-e-type=\"widget\" data-widget_type=\"html.default\">\n\t\t\t\t<div class=\"elementor-widget-container\">\n\t\t\t\t\t<script>gtag('set',{'content_group1':'Cocon S\u00e9mantique'});<\/script>\t\t\t\t<\/div>\n\t\t\t\t<\/div>\n\t\t\t\t\t<\/div>\n\t\t<\/div>\n\t\t\t\t\t<\/div>\n\t\t<\/section>\n\t\t\t\t<\/div>\n\t\t","protected":false},"excerpt":{"rendered":"<p>Des bi\u00e8res belges\u00a0ambr\u00e9es ? Voil\u00e0 qui peut para\u00eetre \u00e9trange tant le Plat Pays nous a habitu\u00e9s \u00e0 une rondeur synonyme de blondeur&#8230; Pourtant, la bi\u00e8re ambr\u00e9e de qualit\u00e9 made in Belgique abonde ! Voici notre classement des 5 bi\u00e8res ambr\u00e9es belges et artisanales \u00e0 avoir d\u00e9gust\u00e9es au moins une fois dans sa vie&#8230; Avant de [&hellip;]<\/p>\n","protected":false},"author":4,"featured_media":9220,"comment_status":"open","ping_status":"closed","sticky":false,"template":"","format":"standard","meta":{"_acf_changed":false,"_seopress_robots_primary_cat":"none","_seopress_titles_title":"Bi\u00e8re ambr\u00e9e : Top 5 des Amber Ale belges \u00e0 go\u00fbter dans sa vie","_seopress_titles_desc":"Panorama des mousses rousses belges (disons \u00ab bi\u00e9rorama \u00bb) : avec la bi\u00e8re ambr\u00e9e \u00e9coutez-le danser, ce plat pays qui est le leur.","_seopress_robots_index":"","footnotes":""},"categories":[3,8],"tags":[700,701],"class_list":["post-3365","post","type-post","status-publish","format-standard","has-post-thumbnail","hentry","category-bierologie","category-styles-de-biere","tag-biere-ambree","tag-bieres-belges"],"acf":[],"_links":{"self":[{"href":"https:\/\/unepetitemousse.fr\/blog\/wp-json\/wp\/v2\/posts\/3365","targetHints":{"allow":["GET"]}}],"collection":[{"href":"https:\/\/unepetitemousse.fr\/blog\/wp-json\/wp\/v2\/posts"}],"about":[{"href":"https:\/\/unepetitemousse.fr\/blog\/wp-json\/wp\/v2\/types\/post"}],"author":[{"embeddable":true,"href":"https:\/\/unepetitemousse.fr\/blog\/wp-json\/wp\/v2\/users\/4"}],"replies":[{"embeddable":true,"href":"https:\/\/unepetitemousse.fr\/blog\/wp-json\/wp\/v2\/comments?post=3365"}],"version-history":[{"count":5,"href":"https:\/\/unepetitemousse.fr\/blog\/wp-json\/wp\/v2\/posts\/3365\/revisions"}],"predecessor-version":[{"id":145197,"href":"https:\/\/unepetitemousse.fr\/blog\/wp-json\/wp\/v2\/posts\/3365\/revisions\/145197"}],"wp:featuredmedia":[{"embeddable":true,"href":"https:\/\/unepetitemousse.fr\/blog\/wp-json\/wp\/v2\/media\/9220"}],"wp:attachment":[{"href":"https:\/\/unepetitemousse.fr\/blog\/wp-json\/wp\/v2\/media?parent=3365"}],"wp:term":[{"taxonomy":"category","embeddable":true,"href":"https:\/\/unepetitemousse.fr\/blog\/wp-json\/wp\/v2\/categories?post=3365"},{"taxonomy":"post_tag","embeddable":true,"href":"https:\/\/unepetitemousse.fr\/blog\/wp-json\/wp\/v2\/tags?post=3365"}],"curies":[{"name":"wp","href":"https:\/\/api.w.org\/{rel}","templated":true}]}}