{"id":34621,"date":"2021-03-12T13:35:00","date_gmt":"2021-03-12T12:35:00","guid":{"rendered":"https:\/\/unepetitemousse.fr\/blog\/?p=34621"},"modified":"2021-03-22T15:53:05","modified_gmt":"2021-03-22T14:53:05","slug":"potentiels-episode-4-mathieu-genty-co-work-in-grenoble","status":"publish","type":"post","link":"https:\/\/unepetitemousse.fr\/blog\/potentiels-episode-4-mathieu-genty-co-work-in-grenoble\/","title":{"rendered":"POTENTIELS \u00e9pisode 4 : Mathieu Genty, \u00e0 la t\u00eate d&rsquo;un des premiers espaces de co-working fran\u00e7ais"},"content":{"rendered":"\n<p>Dans ce nouvel \u00e9pisode de <a href=\"https:\/\/unepetitemousse.fr\/blog\/on-lance-un-podcast-une-petite-mousse-dedie-aux-potentiels\/\">notre podcast POTENTIELS<\/a>, c&rsquo;est <strong>Mathieu Genty<\/strong>, fondateur de <a href=\"http:\/\/www.co-work.fr\/\">CoWork In Grenoble<\/a>, que nous recevons avec un plaisir non dissimul\u00e9. <strong>Entrepreneur&nbsp;cam\u00e9l\u00e9on aux 1000 casquettes<\/strong>, photographe, <a href=\"http:\/\/hypnoseagrenoble.fr\/\">hypnoth\u00e9rapeute<\/a> :&nbsp;Mathieu&nbsp;Genty&nbsp;a plus de cordes \u00e0 son arc qu\u2019il n\u2019y a de montagne autour de Grenoble.&nbsp;<strong>\u00c0 la t\u00eate de&nbsp;Co-Work depuis 2012<\/strong>, Mathieu aime \u00e0 se d\u00e9finir comme \u00ab\u00a0quelqu\u2019un qui fait\u00a0\u00bb et cherche \u00e0 \u00ab\u00a0aider les gens \u00e0 se passer de lui\u00a0\u00bb.<\/p>\n\n\n\n<!--more-->\n\n\n\n<p>Sa vie a crois\u00e9 celle de Julie et de Jonathan il y a de nombreuses ann\u00e9es, aussi <strong>la complicit\u00e9 qui les lie se ressent durant le podcast.<\/strong> Comme \u00e0 notre habitude, nous n&rsquo;avons rien coup\u00e9 au montage, l&rsquo;authenticit\u00e9 de la parole des intervenants \u00e9tant primordiale. Prenez une bi\u00e8re fra\u00eeche, et <strong>venez \u00e9couter la force tranquille qu&rsquo;est Mathieu<\/strong>, dont le parcours impressionnant est entrecoup\u00e9 de rires francs \ud83d\ude09<\/p>\n\n\n\n<figure class=\"wp-block-pullquote\" style=\"border-color:#b7900d\"><blockquote class=\"has-text-color\" style=\"color:#b7900d\"><p>Si j&rsquo;avais un conseil pour celles et ceux qui veulent ouvrir des espaces de co-work, ce serait de ne pas le faire.<\/p><\/blockquote><\/figure>\n\n\n\n<div style=\"height:34px\" aria-hidden=\"true\" class=\"wp-block-spacer\"><\/div>\n\n\n\n<h2 class=\"wp-block-heading\">Qui est Mathieu Genty, et pourquoi l&rsquo;inviter au micro de POTENTIELS ?<\/h2>\n\n\n\n<p>Parce que assign\u00e9 cancre, Mathieu a \u00e9t\u00e9 \u00e9vinc\u00e9 du parcours scolaire classique en 3e. Cela ne l&rsquo;a pas emp\u00each\u00e9 de travailler 10 ans dans l&rsquo;animation socio-culturelle aupr\u00e8s de public divers et vari\u00e9s. Puis de <strong>monter une bo\u00eete en d\u00e9veloppement informatique sans m\u00eame savoir coder <\/strong>! Le tout, avant d&rsquo;inventer le co-working tout seul dans sa chambre et de se lancer dans l&rsquo;aventure \u00e0 corps perdu, comme toujours. Mathieu apprend en faisant et cela force le respect.<\/p>\n\n\n\n<p>Mathieu est de ces gens fonci\u00e8rement bon : il tend des mains et n&rsquo;est jamais avare de conseils, et c&rsquo;est bien<strong> cet esprit de solidarit\u00e9 et d&rsquo;entraide<\/strong> sans limite qu&rsquo;il a infus\u00e9 dans Co-Work. <strong>Il s&rsquo;appr\u00eate \u00e0 d\u00e9m\u00e9nager pour la 3e fois<\/strong> sa communaut\u00e9 de freelance et de coworkeur, en ayant maintenant la certitude que tout le monde suivra : <strong>un fait rarissime<\/strong> dans l&rsquo;univers des bureaux partag\u00e9s.<\/p>\n\n\n\n<p>L\u2019une de ses sp\u00e9cialit\u00e9s ?&nbsp;Encourager les gens&nbsp;(et lui-m\u00eame)&nbsp;\u00e0 imaginer des projets fous, et parvenir \u00e0 les r\u00e9aliser contre toute attente.&nbsp;Profond\u00e9ment curieux dans l\u2019\u00e2me, Mathieu \u00e9volue dans la sph\u00e8re entrepreneuriale tout en ayant un pied dans la distillation, la restauration, l\u2019animation ou m\u00eame l\u2019ethnobotanisme. <strong>Mathieu ne s&rsquo;interdit rien, et \u00e7a lui r\u00e9ussit plut\u00f4t bien !<\/strong><\/p>\n\n\n\n<figure class=\"wp-block-embed is-type-rich is-provider-spotify wp-block-embed-spotify wp-embed-aspect-21-9 wp-has-aspect-ratio\"><div class=\"wp-block-embed__wrapper\">\n<iframe title=\"Spotify Embed: Mathieu Genty \u2022 \u00c0 la t\u00eate d&amp;apos;un des 10 premiers espaces de co-working de France\" style=\"border-radius: 12px\" width=\"100%\" height=\"152\" frameborder=\"0\" allowfullscreen allow=\"autoplay; clipboard-write; encrypted-media; fullscreen; picture-in-picture\" loading=\"lazy\" src=\"https:\/\/open.spotify.com\/embed\/episode\/4aosUZkOd3KcolzE9PHnNL?si=xutacIbuTjyCWvixurr94w&#038;nd=1&#038;utm_source=oembed\"><\/iframe>\n<\/div><\/figure>\n","protected":false},"excerpt":{"rendered":"<p>Dans ce nouvel \u00e9pisode de notre podcast POTENTIELS, c&rsquo;est Mathieu Genty, fondateur de CoWork In Grenoble, que nous recevons avec un plaisir non dissimul\u00e9. Entrepreneur&nbsp;cam\u00e9l\u00e9on aux 1000 casquettes, photographe, hypnoth\u00e9rapeute :&nbsp;Mathieu&nbsp;Genty&nbsp;a plus de cordes \u00e0 son arc qu\u2019il n\u2019y a de montagne autour de Grenoble.&nbsp;\u00c0 la t\u00eate de&nbsp;Co-Work depuis 2012, Mathieu aime \u00e0 se d\u00e9finir [&hellip;]<\/p>\n","protected":false},"author":14,"featured_media":34627,"comment_status":"open","ping_status":"closed","sticky":false,"template":"","format":"standard","meta":{"_acf_changed":false,"_seopress_robots_primary_cat":"none","_seopress_titles_title":"Mathieu Genty, \u00e0 la t\u00eate d&#039;un des 1ers espaces de co-working en France","_seopress_titles_desc":"Nouvel \u00e9pisode de POTENTIELS : Mathieu Genty, fondateur de Co-Work Grenoble, nous raconte son parcours incroyable, de l&#039;animation \u00e0 l&#039;hypnose en passant par la distillerie.","_seopress_robots_index":"","footnotes":""},"categories":[808],"tags":[747],"class_list":["post-34621","post","type-post","status-publish","format-standard","has-post-thumbnail","hentry","category-podcast-potentiels","tag-podcast"],"acf":[],"_links":{"self":[{"href":"https:\/\/unepetitemousse.fr\/blog\/wp-json\/wp\/v2\/posts\/34621","targetHints":{"allow":["GET"]}}],"collection":[{"href":"https:\/\/unepetitemousse.fr\/blog\/wp-json\/wp\/v2\/posts"}],"about":[{"href":"https:\/\/unepetitemousse.fr\/blog\/wp-json\/wp\/v2\/types\/post"}],"author":[{"embeddable":true,"href":"https:\/\/unepetitemousse.fr\/blog\/wp-json\/wp\/v2\/users\/14"}],"replies":[{"embeddable":true,"href":"https:\/\/unepetitemousse.fr\/blog\/wp-json\/wp\/v2\/comments?post=34621"}],"version-history":[{"count":5,"href":"https:\/\/unepetitemousse.fr\/blog\/wp-json\/wp\/v2\/posts\/34621\/revisions"}],"predecessor-version":[{"id":35118,"href":"https:\/\/unepetitemousse.fr\/blog\/wp-json\/wp\/v2\/posts\/34621\/revisions\/35118"}],"wp:featuredmedia":[{"embeddable":true,"href":"https:\/\/unepetitemousse.fr\/blog\/wp-json\/wp\/v2\/media\/34627"}],"wp:attachment":[{"href":"https:\/\/unepetitemousse.fr\/blog\/wp-json\/wp\/v2\/media?parent=34621"}],"wp:term":[{"taxonomy":"category","embeddable":true,"href":"https:\/\/unepetitemousse.fr\/blog\/wp-json\/wp\/v2\/categories?post=34621"},{"taxonomy":"post_tag","embeddable":true,"href":"https:\/\/unepetitemousse.fr\/blog\/wp-json\/wp\/v2\/tags?post=34621"}],"curies":[{"name":"wp","href":"https:\/\/api.w.org\/{rel}","templated":true}]}}