{"id":358,"date":"2013-10-09T09:59:20","date_gmt":"2013-10-09T08:59:20","guid":{"rendered":"http:\/\/unepetitemousse.fr\/blog\/?p=358"},"modified":"2021-09-27T14:55:40","modified_gmt":"2021-09-27T12:55:40","slug":"une-petite-mousse-au-pays-des-tulipes-avec-le-borefts-beer-festival","status":"publish","type":"post","link":"https:\/\/unepetitemousse.fr\/blog\/une-petite-mousse-au-pays-des-tulipes-avec-le-borefts-beer-festival\/","title":{"rendered":"Borefts Beer Festival : escapade chez De Molen"},"content":{"rendered":"\n<p>Retour en mots, en images et en bi\u00e8res sur le Borefts Beer Festival n\u00e9erlandais de 2013. <strong>Ce festival brassicole est organis\u00e9 par la brasserie artisanale De Molen<\/strong> et a pour slogan \u00ab\u00a0good beer &amp; good people\u00a0\u00bb. Il a lieu chaque ann\u00e9e depuis 2008 et rassemble plusieurs brasseries des Pays-Bas.&nbsp;<\/p>\n\n\n\n<div class=\"wp-block-image is-style-rounded\"><figure class=\"alignright size-full\"><img fetchpriority=\"high\" decoding=\"async\" width=\"180\" height=\"300\" src=\"https:\/\/static.unepetitemousse.fr\/wp-content\/uploads\/2013\/10\/27141208\/borefts-beer-festival_verre.jpeg\" alt=\"borefts-beer-festival\" class=\"wp-image-63654\" title=\"Verre officiel du Borefts 2013\"\/><\/figure><\/div>\n\n\n\n<!--more-->\n\n\n\n<h2 class=\"wp-block-heading\"><strong style=\"font-size: 1.17em;\">Le Borefts Beer quoi ?<\/strong><\/h2>\n\n\n\n<p>Les 27 et 28 septembre 2013 se tenait le cinqui\u00e8me <a href=\"http:\/\/www.brouwerijdemolen.nl\/index.php\/en\/beerfestival.html\">Borefts Beer Festival<\/a> \u00e0 Bodegraven aux Pays Bas.&nbsp;Dit comme \u00e7a \u2026 \u00e7a fait moyennement envie, non ?<\/p>\n\n\n\n<p>Par contre, si on pr\u00e9cise que ce festival est organis\u00e9 par De Molen, <strong>\u00e7a commence \u00e0 devenir int\u00e9ressant<\/strong>.&nbsp;<\/p>\n\n\n\n<p>Enfin,<strong> en voyant&nbsp;la liste des brasseries invit\u00e9es<\/strong> (To \u00d8l, De Struise, Emelisse, Mikkeller, \u2026), on se rend compte qu&rsquo;il s&rsquo;agit d&rsquo;un <strong>\u00e9v\u00e8nement majeur dans le monde de la brasserie artisanale de haut-vol<\/strong> !<\/p>\n\n\n\n<p>Une Petite Mousse se devait donc d&rsquo;en \u00eatre. Nous voici donc en route vers le pays des tulipes pour <strong>un week-end de d\u00e9gustations fortement houblonn\u00e9es <\/strong>!<\/p>\n\n\n\n<div style=\"height:30px\" aria-hidden=\"true\" class=\"wp-block-spacer\"><\/div>\n\n\n\n<h2 class=\"wp-block-heading\"><strong style=\"font-size: 1.17em;\">Arriv\u00e9e chez De Molen<\/strong><\/h2>\n\n\n\n<p><strong>Nous sommes accueillis \u00e0 Bodegraven<\/strong>, charmante bourgade \u00e0 1h de train d&rsquo;Amsterdam, par le fameux moulin embl\u00e9matique&nbsp;de la brasserie. Celui-ci surplombe la boutique, le restaurant et la terrasse. <\/p>\n\n\n\n<p>De l&rsquo;autre c\u00f4t\u00e9 de la rue, <strong>le festival bat d\u00e9j\u00e0 son plein<\/strong> avec un premier alignement de brasseurs prot\u00e9g\u00e9s par des immenses tentes et un second h\u00e9berg\u00e9 dans la brasserie elle-m\u00eame. Cet \u00e9v\u00e8nement nous permet \u00e9galement d&rsquo;admirer les superbes installations dont dispose la brasserie<strong> De Molen<\/strong> pour concocter ses pr\u00e9cieuses bi\u00e8res.<\/p>\n\n\n\n<p>Nous avons pu admirer les diff\u00e9rentes cuves, ses hangars pleins de palettes de c\u00e9r\u00e9ales, de houblons et de cartons pr\u00eats \u00e0 l&rsquo;exp\u00e9dition. Pas de secrets pour les festivaliers ! <strong>\u00catre une <a href=\"https:\/\/unepetitemousse.fr\/blog\/brasserie-artisanale-ou-brasserie-industrielle-reponse\/\" data-type=\"post\" data-id=\"1565\">brasserie artisanale<\/a> n&#8217;emp\u00eache pas d&rsquo;avoir une belle chaine de production.<\/strong><\/p>\n\n\n\n<figure class=\"wp-block-gallery aligncenter columns-2 is-cropped wp-block-gallery-1 is-layout-flex wp-block-gallery-is-layout-flex\"><ul class=\"blocks-gallery-grid\"><li class=\"blocks-gallery-item\"><figure><img decoding=\"async\" width=\"300\" height=\"300\" src=\"https:\/\/static.unepetitemousse.fr\/wp-content\/uploads\/2013\/10\/27141206\/borefts-beer-festival_moulin.jpeg\" alt=\"borefts-beer-festival\" data-id=\"63653\" data-full-url=\"https:\/\/static.unepetitemousse.fr\/wp-content\/uploads\/2013\/10\/27141206\/borefts-beer-festival_moulin.jpeg\" data-link=\"https:\/\/unepetitemousse.fr\/blog\/une-petite-mousse-au-pays-des-tulipes-avec-le-borefts-beer-festival\/borefts-beer-festival_moulin\/\" class=\"wp-image-63653\" srcset=\"https:\/\/static.unepetitemousse.fr\/wp-content\/uploads\/2013\/10\/27141206\/borefts-beer-festival_moulin.jpeg 300w, https:\/\/static.unepetitemousse.fr\/wp-content\/uploads\/2013\/10\/27141206\/borefts-beer-festival_moulin-150x150.jpeg 150w\" sizes=\"(max-width: 300px) 100vw, 300px\" \/><\/figure><\/li><li class=\"blocks-gallery-item\"><figure><img decoding=\"async\" width=\"300\" height=\"300\" src=\"https:\/\/static.unepetitemousse.fr\/wp-content\/uploads\/2013\/10\/27141203\/borefts-beer-festival_demolen.jpeg\" alt=\"borefts-beer-festival\" data-id=\"63650\" data-full-url=\"https:\/\/static.unepetitemousse.fr\/wp-content\/uploads\/2013\/10\/27141203\/borefts-beer-festival_demolen.jpeg\" data-link=\"https:\/\/unepetitemousse.fr\/blog\/une-petite-mousse-au-pays-des-tulipes-avec-le-borefts-beer-festival\/borefts-beer-festival_demolen\/\" class=\"wp-image-63650\" srcset=\"https:\/\/static.unepetitemousse.fr\/wp-content\/uploads\/2013\/10\/27141203\/borefts-beer-festival_demolen.jpeg 300w, https:\/\/static.unepetitemousse.fr\/wp-content\/uploads\/2013\/10\/27141203\/borefts-beer-festival_demolen-150x150.jpeg 150w\" sizes=\"(max-width: 300px) 100vw, 300px\" \/><\/figure><\/li><\/ul><\/figure>\n\n\n\n<p class=\"has-text-align-center\"><\/p>\n\n\n\n<p>Un festival, <strong>c&rsquo;est l&rsquo;occasion pour les brasseurs d&rsquo;apporter leur derni\u00e8res recettes<\/strong>, certaines concoct\u00e9es sp\u00e9cialement pour l&rsquo;occasion. Mais \u00e9galement d&rsquo;en mettre plein la vue aux <a href=\"https:\/\/unepetitemousse.fr\/blog\/zythologie-bierologie-tout-savoir\/\" data-type=\"post\" data-id=\"61016\">zythologues<\/a> en herbe que nous sommes ! Vous pouvez admirer sur l&rsquo;image de droite ci-dessus :<\/p>\n\n\n\n<ul class=\"wp-block-list\"><li>l&rsquo;impressionnante s\u00e9rie de becs d\u00e9livrant les diff\u00e9rentes bi\u00e8res des brasseries De Molen et Rooie Dop<\/li><li>le superbe tonneau pyrographi\u00e9 par Arno Coenen ayant contenu une version sp\u00e9ciale de la <em>\u00ab\u00a0Hel &amp; Verdoemenis\u00a0\u00bb<\/em> de De Molen<\/li><li>les splendides becs de la brasserie belge Alvinne<\/li><\/ul>\n\n\n\n<p class=\"has-text-align-center\"><\/p>\n\n\n\n<h2 class=\"wp-block-heading\"><strong style=\"font-size: 1.17em;\">Public de connaisseurs<\/strong> au Borefts Beer Festival<\/h2>\n\n\n\n<p>Quid de l&rsquo;ambiance sur le festival? Chaleureuse, conviviale, joviale \u2026 <strong>comme une impression d&rsquo;une grande r\u00e9union de famille sur 2 jours !<\/strong><\/p>\n\n\n\n<p>En m\u00eame temps, une rencontre entre des amateurs curieux et enthousiastes et des brasseurs innovants, cela ne pouvait que bien se passer. Au fil des d\u00e9gustations et des \u00e9changes avec les brasseurs, nous avons vite compris que nous allions go\u00fbter des crus exceptionnels!<\/p>\n\n\n\n<h3 class=\"wp-block-heading\"><strong>Les bi\u00e8res d\u00e9gust\u00e9es au Borefts Festival<\/strong><\/h3>\n\n\n\n<p>Durant les 2 jours <strong>nous avons fait plus d&rsquo;une trentaine de d\u00e9gustations<\/strong>. Certaines nous ont plus marqu\u00e9 que d&rsquo;autres.<\/p>\n\n\n\n<p>Nous avons notamment fait une halte prolong\u00e9e chez De Struise,&nbsp;aupr\u00e8s duquel nous avons bu des choses extraordinaires :<\/p>\n\n\n\n<ol class=\"wp-block-list\"><li>Tout d&rsquo;abord, une <em>\u00ab\u00a0Pannepot Reserva\u00a0\u00bb<\/em> nous a r\u00e9gal\u00e9 de sa rondeur aux pointes de caramel et de fruits noirs s\u00e9ch\u00e9s, <strong>une bi\u00e8re sucr\u00e9e vieillie en f\u00fbt de ch\u00eane ayant une amertume peu prononc\u00e9e<\/strong>.<\/li><li>Nous avons ensuite enchain\u00e9 sur une <em>\u00ab\u00a0Black Albert\u00a0\u00bb<\/em> a<strong>ux ar\u00f4mes chocolat\u00e9s, de caf\u00e9 frais et d&rsquo;orge caram\u00e9lis\u00e9<\/strong> &#8230; <\/li><li>Pour continuer sur <strong>un coup de coeur collectif<\/strong> : la <em>\u00ab\u00a0Cuv\u00e9e Delphine\u00a0\u00bb<\/em>. Imaginez des saveurs de chocolat, de malts r\u00f4tis, de ch\u00eane(?), de cacao, de vanille et de griottes \u2026 le tout alcoolis\u00e9 \u00e0 13\u00b0 \u2026 un d\u00e9lice absolu !<\/li><li>Nous avons quitt\u00e9 (\u00e0 regret) le bar non sans avoir test\u00e9 une nouveaut\u00e9, la <em>\u00ab\u00a0Smonk\u00a0\u00bb<\/em>; <strong>une bi\u00e8re aigre complexe avec des pointes fum\u00e9es et chocolat\u00e9es<\/strong>. Un v\u00e9ritable OVNI \u00e8<\/li><\/ol>\n\n\n\n<figure class=\"wp-block-gallery aligncenter columns-2 is-cropped wp-block-gallery-2 is-layout-flex wp-block-gallery-is-layout-flex\"><ul class=\"blocks-gallery-grid\"><li class=\"blocks-gallery-item\"><figure><img loading=\"lazy\" decoding=\"async\" width=\"300\" height=\"300\" src=\"https:\/\/static.unepetitemousse.fr\/wp-content\/uploads\/2013\/10\/27141205\/borefts-beer-festival_festival.jpeg\" alt=\"borefts-beer-festival\" data-id=\"63652\" data-full-url=\"https:\/\/static.unepetitemousse.fr\/wp-content\/uploads\/2013\/10\/27141205\/borefts-beer-festival_festival.jpeg\" data-link=\"https:\/\/unepetitemousse.fr\/blog\/une-petite-mousse-au-pays-des-tulipes-avec-le-borefts-beer-festival\/borefts-beer-festival_festival\/\" class=\"wp-image-63652\" srcset=\"https:\/\/static.unepetitemousse.fr\/wp-content\/uploads\/2013\/10\/27141205\/borefts-beer-festival_festival.jpeg 300w, https:\/\/static.unepetitemousse.fr\/wp-content\/uploads\/2013\/10\/27141205\/borefts-beer-festival_festival-150x150.jpeg 150w\" sizes=\"(max-width: 300px) 100vw, 300px\" \/><\/figure><\/li><li class=\"blocks-gallery-item\"><figure><img loading=\"lazy\" decoding=\"async\" width=\"300\" height=\"300\" src=\"https:\/\/static.unepetitemousse.fr\/wp-content\/uploads\/2013\/10\/27141200\/borefts-beer-festival_brasseurs.jpeg\" alt=\"borefts-beer-festival\" data-id=\"63648\" data-full-url=\"https:\/\/static.unepetitemousse.fr\/wp-content\/uploads\/2013\/10\/27141200\/borefts-beer-festival_brasseurs.jpeg\" data-link=\"https:\/\/unepetitemousse.fr\/blog\/une-petite-mousse-au-pays-des-tulipes-avec-le-borefts-beer-festival\/borefts-beer-festival_brasseurs\/\" class=\"wp-image-63648\" srcset=\"https:\/\/static.unepetitemousse.fr\/wp-content\/uploads\/2013\/10\/27141200\/borefts-beer-festival_brasseurs.jpeg 300w, https:\/\/static.unepetitemousse.fr\/wp-content\/uploads\/2013\/10\/27141200\/borefts-beer-festival_brasseurs-150x150.jpeg 150w\" sizes=\"(max-width: 300px) 100vw, 300px\" \/><\/figure><\/li><\/ul><figcaption class=\"blocks-gallery-caption\">Un grand merci \u00e0 notre photographe Thomas Guyomard (@tguyo) pour ses clich\u00e9s d&rsquo;expert <\/figcaption><\/figure>\n\n\n\n<p>Impossible de ne pas venir saluer et discuter avec Micka\u00ebl Novo de la brasserie du Mont-Sal\u00e8ve,<strong> seul brasseur fran\u00e7ais invit\u00e9 au festival<\/strong> ! Vous pouvez le voir en pleine action avec son joli T-Shirt violet.<\/p>\n\n\n\n<p class=\"has-text-align-left\">Pour l&rsquo;occasion, il nous a fait d\u00e9couvrir ses derni\u00e8res recettes dont la <em>\u00ab\u00a0<a href=\"https:\/\/unepetitemousse.fr\/blog\/stout-ou-porter\/\" data-type=\"post\" data-id=\"6217\">Oyster Stout<\/a>\u00ab\u00a0<\/em> qui est une <strong>bi\u00e8re iod\u00e9e avec des saveurs d&rsquo;hu\u00eetre<\/strong> (oui, oui, vous avez bien lu!). Nous nous sommes remis de notre surprise en d\u00e9gustant sa <em>\u00ab\u00a0Nouveaux Mondes\u00a0\u00bb<\/em> qui est une <strong><a href=\"https:\/\/unepetitemousse.fr\/blog\/quelle-est-la-meilleure-ipa-classement\/\" data-type=\"post\" data-id=\"2830\">Double IPA<\/a> sur-vitamin\u00e9e en houblons <\/strong>sur une forte base malt\u00e9e. Miam!<\/p>\n\n\n\n<div style=\"height:30px\" aria-hidden=\"true\" class=\"wp-block-spacer\"><\/div>\n\n\n\n<h2 class=\"wp-block-heading\"><strong>Rencontre, butin et brasseries amies<\/strong><\/h2>\n\n\n\n<p>La suite de notre tour nous amena du c\u00f4t\u00e9 des stands danois en commen\u00e7ant par <strong>To \u00d8l<\/strong>, chez qui nous avons essay\u00e9 une Barley Wine au doux nom de <em>\u00ab\u00a0I&rsquo;ve seen bigger than Yours\u00a0\u00bb<\/em> au go\u00fbt de framboise et d&rsquo;\u00e9corce d&rsquo;orange. <strong>Un jus de fruit titrant \u00e0 14\u00b0 \u2026<\/strong><\/p>\n\n\n\n<div class=\"wp-block-image is-style-rounded\"><figure class=\"alignright size-full\"><img loading=\"lazy\" decoding=\"async\" width=\"300\" height=\"180\" src=\"https:\/\/static.unepetitemousse.fr\/wp-content\/uploads\/2013\/10\/27141204\/borefts-beer-festival_equipe.jpeg\" alt=\"Mikkel Borg Bjergs\u00f8\" class=\"wp-image-63651\"\/><figcaption>avec <meta charset=\"utf-8\">Mikkel Borg Bjergs\u00f8<\/figcaption><\/figure><\/div>\n\n\n\n<p>Nous nous sommes ensuite tourn\u00e9s vers Mikkeller, <strong>la star danoise de la bi\u00e8re<\/strong>, en prenant sa <em>\u00ab\u00a0Beer Geek Brunch Weasel\u00a0\u00bb<\/em>. Une bi\u00e8re exceptionnelle ayant <strong>de puissants ar\u00f4mes de vanille, de r\u00e9glisse, de chocolat et de caf\u00e9<\/strong>. Un must !<\/p>\n\n\n\n<p><strong>Le c\u00e9l\u00e8bre brasseur Mikkel Borg Bjergs\u00f8<\/strong> (fondateur de Mikkeller donc) \u00e9tant pr\u00e9sent et disponible. L&rsquo;occasion \u00e9tait trop belle pour ne pas poser avec lui pour la post\u00e9rit\u00e9 \ud83d\ude09<\/p>\n\n\n\n<h3 class=\"wp-block-heading\"><strong>Avant de partir&#8230;<\/strong><\/h3>\n\n\n\n<p>Bref, vous l&rsquo;avez compris, ce fut 2 jours de bonheur !<strong> Impossible de rentrer chez nous les mains vides.<\/strong> Nous avons donc fait <strong>un petit tour du c\u00f4t\u00e9 de la boutique<\/strong> sous le moulin.<\/p>\n\n\n\n<p>Comme vous pouvez le voir, le choix fut corn\u00e9lien ! Des bi\u00e8res du monde entier, des grands cr\u00fbs, des cr\u00fbs sp\u00e9ciaux, des s\u00e9ries limit\u00e9es \u2026 que ce fut dur de choisir!<\/p>\n\n\n\n<p>Personnellement, j&rsquo;ai finalement jet\u00e9 mon d\u00e9volu sur deux bouteilles <a href=\"https:\/\/unepetitemousse.fr\/blog\/barley-wine\/\" data-type=\"post\" data-id=\"4707\">vieillies en f\u00fbt<\/a> de choix :<\/p>\n\n\n\n<ul class=\"wp-block-list\"><li>une Barley Wine&nbsp;<em>\u00ab\u00a0Bommen &amp; Granaten\u00a0\u00bb<\/em>&nbsp;en f\u00fbt de Bordeaux<\/li><li>un Imperial Stout&nbsp;<em>\u00ab\u00a0Nacht &amp; Ontij\u00a0\u00bb<\/em> en f\u00fbt de Cognac<\/li><\/ul>\n\n\n\n<hr class=\"wp-block-separator is-style-dots\"\/>\n\n\n\n<p>Un cadre de r\u00eave, des brasseurs disponibles, une bonne ambiance communicative, l&rsquo;organisation de <strong>De Molen<\/strong> parfaite et des bi\u00e8res exceptionnelles \u2026 si, comme Une Petite Mousse, vous \u00eates un passionn\u00e9 de houblon de qualit\u00e9, c&rsquo;est <strong>un festival de bi\u00e8re \u00e0 faire et \u00e0 refaire !<\/strong> Il nous a tellement plu, que nous y sommes retourn\u00e9s pour l&rsquo;<a href=\"https:\/\/unepetitemousse.fr\/blog\/borefts-bier-festival-2014-le-paradis-des-beer-geeks\/\">\u00e9dition 2014<\/a> \ud83d\ude09<\/p>\n","protected":false},"excerpt":{"rendered":"<p>Retour en mots, en images et en bi\u00e8res sur le Borefts Beer Festival n\u00e9erlandais de 2013. Ce festival brassicole est organis\u00e9 par la brasserie artisanale De Molen et a pour slogan \u00ab\u00a0good beer &amp; good people\u00a0\u00bb. Il a lieu chaque ann\u00e9e depuis 2008 et rassemble plusieurs brasseries des Pays-Bas.&nbsp;<\/p>\n","protected":false},"author":2,"featured_media":63659,"comment_status":"open","ping_status":"closed","sticky":false,"template":"","format":"standard","meta":{"_acf_changed":false,"_seopress_robots_primary_cat":"none","_seopress_titles_title":"Borefts Beer Festival : escapade chez De Molen","_seopress_titles_desc":"Vous vous demandez \u00e0 quoi ressemble le c\u00e9l\u00e8bre Borefts Beer Festival, festival de bi\u00e8re organis\u00e9 par et chez De Molen ? On vous emm\u00e8ne !","_seopress_robots_index":"","footnotes":""},"categories":[705,7],"tags":[856,607],"class_list":["post-358","post","type-post","status-publish","format-standard","has-post-thumbnail","hentry","category-festivals-biere","category-tourisme-brassicole","tag-de-molen","tag-festival"],"acf":[],"_links":{"self":[{"href":"https:\/\/unepetitemousse.fr\/blog\/wp-json\/wp\/v2\/posts\/358","targetHints":{"allow":["GET"]}}],"collection":[{"href":"https:\/\/unepetitemousse.fr\/blog\/wp-json\/wp\/v2\/posts"}],"about":[{"href":"https:\/\/unepetitemousse.fr\/blog\/wp-json\/wp\/v2\/types\/post"}],"author":[{"embeddable":true,"href":"https:\/\/unepetitemousse.fr\/blog\/wp-json\/wp\/v2\/users\/2"}],"replies":[{"embeddable":true,"href":"https:\/\/unepetitemousse.fr\/blog\/wp-json\/wp\/v2\/comments?post=358"}],"version-history":[{"count":5,"href":"https:\/\/unepetitemousse.fr\/blog\/wp-json\/wp\/v2\/posts\/358\/revisions"}],"predecessor-version":[{"id":63682,"href":"https:\/\/unepetitemousse.fr\/blog\/wp-json\/wp\/v2\/posts\/358\/revisions\/63682"}],"wp:featuredmedia":[{"embeddable":true,"href":"https:\/\/unepetitemousse.fr\/blog\/wp-json\/wp\/v2\/media\/63659"}],"wp:attachment":[{"href":"https:\/\/unepetitemousse.fr\/blog\/wp-json\/wp\/v2\/media?parent=358"}],"wp:term":[{"taxonomy":"category","embeddable":true,"href":"https:\/\/unepetitemousse.fr\/blog\/wp-json\/wp\/v2\/categories?post=358"},{"taxonomy":"post_tag","embeddable":true,"href":"https:\/\/unepetitemousse.fr\/blog\/wp-json\/wp\/v2\/tags?post=358"}],"curies":[{"name":"wp","href":"https:\/\/api.w.org\/{rel}","templated":true}]}}