{"id":62770,"date":"2025-09-09T17:41:00","date_gmt":"2025-09-09T15:41:00","guid":{"rendered":"https:\/\/unepetitemousse.fr\/blog\/?p=62770"},"modified":"2025-09-10T14:55:55","modified_gmt":"2025-09-10T12:55:55","slug":"oktoberfest-biere","status":"publish","type":"post","link":"https:\/\/unepetitemousse.fr\/blog\/oktoberfest-biere\/","title":{"rendered":"L&rsquo;Oktoberfest, ses bi\u00e8res et ses traditions"},"content":{"rendered":"\t\t<div data-elementor-type=\"wp-post\" data-elementor-id=\"62770\" class=\"elementor elementor-62770\" data-elementor-post-type=\"post\">\n\t\t\t\t\t\t<section class=\"elementor-section elementor-top-section elementor-element elementor-element-1b17638a elementor-section-boxed elementor-section-height-default elementor-section-height-default\" data-id=\"1b17638a\" data-element_type=\"section\" data-e-type=\"section\">\n\t\t\t\t\t\t<div class=\"elementor-container elementor-column-gap-default\">\n\t\t\t\t\t<div class=\"elementor-column elementor-col-100 elementor-top-column elementor-element elementor-element-6d0daf88\" data-id=\"6d0daf88\" data-element_type=\"column\" data-e-type=\"column\">\n\t\t\t<div class=\"elementor-widget-wrap elementor-element-populated\">\n\t\t\t\t\t\t<div class=\"elementor-element elementor-element-68fb6b6 elementor-widget elementor-widget-text-editor\" data-id=\"68fb6b6\" data-element_type=\"widget\" data-e-type=\"widget\" data-widget_type=\"text-editor.default\">\n\t\t\t\t<div class=\"elementor-widget-container\">\n\t\t\t\t\t\t\t\t\t<p>L\u2019Oktoberfest (litt\u00e9ralement \u201cf\u00eate d\u2019octobre\u201d) est sans nulle doute la\u00a0<strong>f\u00eate de la bi\u00e8re la plus c\u00e9l\u00e8bre au monde<\/strong>. Chaque ann\u00e9e, des centaines de milliers de visiteurs envahissent Munich pour avoir la chance de s\u2019imbiber de litres de\u00a0<a href=\"https:\/\/unepetitemousse.fr\/blog\/biere-allemande-top-5\/\" target=\"_blank\" rel=\"noreferrer noopener\">bi\u00e8re allemande<\/a>\u00a0au rythme des musiques traditionnelles bavaroises.<\/p>\n<p>Le mois de septembre marque traditionnellement le d\u00e9but de l\u2019\u00e9v\u00e9nement : alors enfilez vos plus beaux\u00a0<em>Dirndl<\/em>\u00a0et\u00a0<em>Lederhosen<\/em>, on vous propose une plong\u00e9e dans le monde tr\u00e8s d\u00e9cadent de\u00a0<strong>l\u2019Oktoberfest et de ses bi\u00e8res<\/strong>.<\/p>\t\t\t\t\t\t\t\t<\/div>\n\t\t\t\t<\/div>\n\t\t\t\t<div class=\"elementor-element elementor-element-a60598b elementor-toc--minimized-on-tablet elementor-widget elementor-widget-table-of-contents\" data-id=\"a60598b\" data-element_type=\"widget\" data-e-type=\"widget\" data-settings=\"{&quot;headings_by_tags&quot;:[&quot;h2&quot;],&quot;exclude_headings_by_selector&quot;:[],&quot;no_headings_message&quot;:&quot;Aucun titre n\\u2019a \\u00e9t\\u00e9 trouv\\u00e9 sur cette page.&quot;,&quot;marker_view&quot;:&quot;numbers&quot;,&quot;minimize_box&quot;:&quot;yes&quot;,&quot;minimized_on&quot;:&quot;tablet&quot;,&quot;hierarchical_view&quot;:&quot;yes&quot;,&quot;min_height&quot;:{&quot;unit&quot;:&quot;px&quot;,&quot;size&quot;:&quot;&quot;,&quot;sizes&quot;:[]},&quot;min_height_tablet_extra&quot;:{&quot;unit&quot;:&quot;px&quot;,&quot;size&quot;:&quot;&quot;,&quot;sizes&quot;:[]},&quot;min_height_tablet&quot;:{&quot;unit&quot;:&quot;px&quot;,&quot;size&quot;:&quot;&quot;,&quot;sizes&quot;:[]},&quot;min_height_mobile&quot;:{&quot;unit&quot;:&quot;px&quot;,&quot;size&quot;:&quot;&quot;,&quot;sizes&quot;:[]}}\" data-widget_type=\"table-of-contents.default\">\n\t\t\t\t<div class=\"elementor-widget-container\">\n\t\t\t\t\t\t\t\t\t<div class=\"elementor-toc__header\">\n\t\t\t\t\t\t<h4 class=\"elementor-toc__header-title\">\n\t\t\t\tTable des mati\u00e8res\t\t\t<\/h4>\n\t\t\t\t\t\t\t\t\t\t<div class=\"elementor-toc__toggle-button elementor-toc__toggle-button--expand\" role=\"button\" tabindex=\"0\" aria-controls=\"elementor-toc__a60598b\" aria-expanded=\"true\" aria-label=\"Ouvrir la table des mati\u00e8res\"><svg aria-hidden=\"true\" class=\"e-font-icon-svg e-fas-chevron-down\" viewBox=\"0 0 448 512\" xmlns=\"http:\/\/www.w3.org\/2000\/svg\"><path d=\"M207.029 381.476L12.686 187.132c-9.373-9.373-9.373-24.569 0-33.941l22.667-22.667c9.357-9.357 24.522-9.375 33.901-.04L224 284.505l154.745-154.021c9.379-9.335 24.544-9.317 33.901.04l22.667 22.667c9.373 9.373 9.373 24.569 0 33.941L240.971 381.476c-9.373 9.372-24.569 9.372-33.942 0z\"><\/path><\/svg><\/div>\n\t\t\t\t<div class=\"elementor-toc__toggle-button elementor-toc__toggle-button--collapse\" role=\"button\" tabindex=\"0\" aria-controls=\"elementor-toc__a60598b\" aria-expanded=\"true\" aria-label=\"Fermer la table des mati\u00e8res\"><svg aria-hidden=\"true\" class=\"e-font-icon-svg e-fas-chevron-up\" viewBox=\"0 0 448 512\" xmlns=\"http:\/\/www.w3.org\/2000\/svg\"><path d=\"M240.971 130.524l194.343 194.343c9.373 9.373 9.373 24.569 0 33.941l-22.667 22.667c-9.357 9.357-24.522 9.375-33.901.04L224 227.495 69.255 381.516c-9.379 9.335-24.544 9.317-33.901-.04l-22.667-22.667c-9.373-9.373-9.373-24.569 0-33.941L207.03 130.525c9.372-9.373 24.568-9.373 33.941-.001z\"><\/path><\/svg><\/div>\n\t\t\t\t\t<\/div>\n\t\t\t\t<div id=\"elementor-toc__a60598b\" class=\"elementor-toc__body\">\n\t\t\t<div class=\"elementor-toc__spinner-container\">\n\t\t\t\t<svg class=\"elementor-toc__spinner eicon-animation-spin e-font-icon-svg e-eicon-loading\" aria-hidden=\"true\" viewBox=\"0 0 1000 1000\" xmlns=\"http:\/\/www.w3.org\/2000\/svg\"><path d=\"M500 975V858C696 858 858 696 858 500S696 142 500 142 142 304 142 500H25C25 237 238 25 500 25S975 237 975 500 763 975 500 975Z\"><\/path><\/svg>\t\t\t<\/div>\n\t\t<\/div>\n\t\t\t\t\t\t<\/div>\n\t\t\t\t<\/div>\n\t\t\t\t<div class=\"elementor-element elementor-element-5f85f7a elementor-widget elementor-widget-heading\" data-id=\"5f85f7a\" data-element_type=\"widget\" data-e-type=\"widget\" data-widget_type=\"heading.default\">\n\t\t\t\t<div class=\"elementor-widget-container\">\n\t\t\t\t\t<h2 class=\"elementor-heading-title elementor-size-default\">Aux origines de l\u2019Oktoberfest<\/h2>\t\t\t\t<\/div>\n\t\t\t\t<\/div>\n\t\t\t\t<div class=\"elementor-element elementor-element-e716923 elementor-widget elementor-widget-text-editor\" data-id=\"e716923\" data-element_type=\"widget\" data-e-type=\"widget\" data-widget_type=\"text-editor.default\">\n\t\t\t\t<div class=\"elementor-widget-container\">\n\t\t\t\t\t\t\t\t\t<p>Il \u00e9tait une fois un prince h\u00e9ritier qui s\u2019appr\u00eatait \u00e0 c\u00e9l\u00e9brer ses \u00e9pousailles avec la princesse d\u2019un duch\u00e9 voisin.\u00a0<strong>De leur union na\u00eetra\u2026 l\u2019Oktoberfest.\u00a0<\/strong><\/p>\t\t\t\t\t\t\t\t<\/div>\n\t\t\t\t<\/div>\n\t\t\t\t<section class=\"elementor-section elementor-inner-section elementor-element elementor-element-ff7a127 elementor-section-boxed elementor-section-height-default elementor-section-height-default\" data-id=\"ff7a127\" data-element_type=\"section\" data-e-type=\"section\">\n\t\t\t\t\t\t<div class=\"elementor-container elementor-column-gap-default\">\n\t\t\t\t\t<div class=\"elementor-column elementor-col-50 elementor-inner-column elementor-element elementor-element-4f0ec91\" data-id=\"4f0ec91\" data-element_type=\"column\" data-e-type=\"column\">\n\t\t\t<div class=\"elementor-widget-wrap elementor-element-populated\">\n\t\t\t\t\t\t<div class=\"elementor-element elementor-element-ceb2e5a elementor-widget elementor-widget-text-editor\" data-id=\"ceb2e5a\" data-element_type=\"widget\" data-e-type=\"widget\" data-widget_type=\"text-editor.default\">\n\t\t\t\t<div class=\"elementor-widget-container\">\n\t\t\t\t\t\t\t\t\t<p>L\u2019origine de cette f\u00eate de la bi\u00e8re remonte en effet aux noces du prince Louis I<sup>er<\/sup> de Bavi\u00e8re et de la princesse Th\u00e9r\u00e8se de Saxe-Hildburghausen le <strong>12 octobre 1810<\/strong> (et oui, \u00e7a remonte !). Les tourtereaux convi\u00e8rent <strong>toute la ville de Munich<\/strong> \u00e0 c\u00e9l\u00e9brer l\u2019\u00e9v\u00e9nement, en organisant des courses de chevaux sur la fra\u00eechement nomm\u00e9e \u201cPrairie de Th\u00e9r\u00e8se\u201d, la fameuse <em>Theresienwiese<\/em> o\u00f9 a toujours lieu aujourd\u2019hui l\u2019\u00e9v\u00e9nement.<\/p>\n<p><!-- \/wp:paragraph --><\/p>\n<p><!-- wp:paragraph --><\/p>\n<p>Reconduite chaque ann\u00e9e, la f\u00eate a d\u2019abord accueilli une foire agricole, avant de proposer <strong>nourriture et boissons \u00e0 partir de 1818<\/strong>. Des man\u00e8ges et autres attractions font leur apparition d\u00e8s le milieu du XIX<sup>e<\/sup> si\u00e8cle, tandis que les <strong><em>Festhalle<\/em><\/strong>, les immenses tentes de <a href=\"https:\/\/www.muenchen.de\/veranstaltungen\/oktoberfest\/bier.html\">l\u2019Oktoberfest<\/a>, viendront compl\u00e9ter le tableau en 1895. On en d\u00e9nombre aujourd\u2019hui 14 avec une capacit\u00e9 allant de 2500 \u00e0 11 000 places.<\/p>\t\t\t\t\t\t\t\t<\/div>\n\t\t\t\t<\/div>\n\t\t\t\t\t<\/div>\n\t\t<\/div>\n\t\t\t\t<div class=\"elementor-column elementor-col-50 elementor-inner-column elementor-element elementor-element-0e66617\" data-id=\"0e66617\" data-element_type=\"column\" data-e-type=\"column\">\n\t\t\t<div class=\"elementor-widget-wrap elementor-element-populated\">\n\t\t\t\t\t\t<div class=\"elementor-element elementor-element-7451f1a elementor-widget elementor-widget-image\" data-id=\"7451f1a\" data-element_type=\"widget\" data-e-type=\"widget\" data-widget_type=\"image.default\">\n\t\t\t\t<div class=\"elementor-widget-container\">\n\t\t\t\t\t\t\t\t\t\t\t\t<figure class=\"wp-caption\">\n\t\t\t\t\t\t\t\t\t\t<img fetchpriority=\"high\" decoding=\"async\" width=\"631\" height=\"631\" src=\"https:\/\/static.unepetitemousse.fr\/wp-content\/uploads\/2021\/09\/14163747\/origine-oktoberfest-ludwig-i.jpg\" class=\"attachment-medium_large size-medium_large wp-image-62781\" alt=\"oktoberfest\" srcset=\"https:\/\/static.unepetitemousse.fr\/wp-content\/uploads\/2021\/09\/14163747\/origine-oktoberfest-ludwig-i.jpg 631w, https:\/\/static.unepetitemousse.fr\/wp-content\/uploads\/2021\/09\/14163747\/origine-oktoberfest-ludwig-i-300x300.jpg 300w, https:\/\/static.unepetitemousse.fr\/wp-content\/uploads\/2021\/09\/14163747\/origine-oktoberfest-ludwig-i-150x150.jpg 150w\" sizes=\"(max-width: 631px) 100vw, 631px\" \/>\t\t\t\t\t\t\t\t\t\t\t<figcaption class=\"widget-image-caption wp-caption-text\">Merci Ludwig !<\/figcaption>\n\t\t\t\t\t\t\t\t\t\t<\/figure>\n\t\t\t\t\t\t\t\t\t<\/div>\n\t\t\t\t<\/div>\n\t\t\t\t\t<\/div>\n\t\t<\/div>\n\t\t\t\t\t<\/div>\n\t\t<\/section>\n\t\t\t\t<div class=\"elementor-element elementor-element-c3a2dc5 elementor-widget elementor-widget-text-editor\" data-id=\"c3a2dc5\" data-element_type=\"widget\" data-e-type=\"widget\" data-widget_type=\"text-editor.default\">\n\t\t\t\t<div class=\"elementor-widget-container\">\n\t\t\t\t\t\t\t\t\t<p>L\u2019Oktoberfest est donc une f\u00eate qui\u00a0<strong>perdure depuis plus de 200 ans\u00a0<\/strong>et qui accueille de nos jours plus de\u00a0<strong>7 millions de visiteurs<\/strong>, qui ingurgitent \u00e0 peu pr\u00e8s le m\u00eame nombre de litres de bi\u00e8res lors de chaque nouvelle \u00e9dition. Depuis 2005, un mus\u00e9e consacr\u00e9 \u00e0 l\u2019histoire de l\u2019Oktoberfest (das\u00a0<a href=\"https:\/\/www.bier-und-oktoberfestmuseum.de\/\" target=\"_blank\" rel=\"noreferrer noopener\">Bier- und Oktoberfestmuseum<\/a>) est m\u00eame install\u00e9 dans une b\u00e2timent du XIV<sup>e<\/sup>\u00a0si\u00e8cle de la vieille ville de Munich.<\/p>\t\t\t\t\t\t\t\t<\/div>\n\t\t\t\t<\/div>\n\t\t\t\t<div class=\"elementor-element elementor-element-41072e9 elementor-widget elementor-widget-gallery\" data-id=\"41072e9\" data-element_type=\"widget\" data-e-type=\"widget\" data-settings=\"{&quot;columns&quot;:2,&quot;overlay_description&quot;:&quot;caption&quot;,&quot;lazyload&quot;:&quot;yes&quot;,&quot;gallery_layout&quot;:&quot;grid&quot;,&quot;columns_tablet&quot;:2,&quot;columns_mobile&quot;:1,&quot;gap&quot;:{&quot;unit&quot;:&quot;px&quot;,&quot;size&quot;:10,&quot;sizes&quot;:[]},&quot;gap_tablet_extra&quot;:{&quot;unit&quot;:&quot;px&quot;,&quot;size&quot;:10,&quot;sizes&quot;:[]},&quot;gap_tablet&quot;:{&quot;unit&quot;:&quot;px&quot;,&quot;size&quot;:10,&quot;sizes&quot;:[]},&quot;gap_mobile&quot;:{&quot;unit&quot;:&quot;px&quot;,&quot;size&quot;:10,&quot;sizes&quot;:[]},&quot;aspect_ratio&quot;:&quot;3:2&quot;,&quot;overlay_background&quot;:&quot;yes&quot;,&quot;content_hover_animation&quot;:&quot;fade-in&quot;}\" data-widget_type=\"gallery.default\">\n\t\t\t\t<div class=\"elementor-widget-container\">\n\t\t\t\t\t\t\t<div class=\"elementor-gallery__container\">\n\t\t\t\t\t\t\t<div class=\"e-gallery-item elementor-gallery-item elementor-animated-content\">\n\t\t\t\t\t<div class=\"e-gallery-image elementor-gallery-item__image\" data-thumbnail=\"https:\/\/static.unepetitemousse.fr\/wp-content\/uploads\/2021\/09\/29115120\/oktoberfest_muniche-768x569.jpeg\" data-width=\"768\" data-height=\"569\" aria-label=\"okoberfest munich\" role=\"img\" ><\/div>\n\t\t\t\t\t\t\t\t\t\t\t<div class=\"elementor-gallery-item__overlay\"><\/div>\n\t\t\t\t\t\t\t\t\t\t\t\t\t\t\t<div class=\"elementor-gallery-item__content\">\n\t\t\t\t\t\t\t\t\t\t\t<\/div>\n\t\t\t\t\t\t\t\t\t<\/div>\n\t\t\t\t\t\t\t<div class=\"e-gallery-item elementor-gallery-item elementor-animated-content\">\n\t\t\t\t\t<div class=\"e-gallery-image elementor-gallery-item__image\" data-thumbnail=\"https:\/\/static.unepetitemousse.fr\/wp-content\/uploads\/2021\/09\/29115116\/oktoberfest-biere_kurt-liebhaeuser-768x512.jpg\" data-width=\"768\" data-height=\"512\" aria-label=\"bi\u00e8re oktoberfest\" role=\"img\" ><\/div>\n\t\t\t\t\t\t\t\t\t\t\t<div class=\"elementor-gallery-item__overlay\"><\/div>\n\t\t\t\t\t\t\t\t\t\t\t\t\t\t\t<div class=\"elementor-gallery-item__content\">\n\t\t\t\t\t\t\t\t\t\t\t\t\t\t<div class=\"elementor-gallery-item__description\">\n\t\t\t\t\t\t\t\t\t\t\t\t\t\t\t\t\t\tCr\u00e9dit Photo : <a href=\"\/\/unsplash.com\/photos\/vjJkBik7wy4\u201d\" target=\"\u201c_blank\u201d\" rel=\"noopener\">Kurt Liebhaeuser<\/a> via Unsplash\t\t\t\t\t\t\t\t<\/div>\n\t\t\t\t\t\t\t\t\t\t\t\t<\/div>\n\t\t\t\t\t\t\t\t\t<\/div>\n\t\t\t\t\t<\/div>\n\t\t\t\t\t<\/div>\n\t\t\t\t<\/div>\n\t\t\t\t<div class=\"elementor-element elementor-element-07bb23f elementor-widget elementor-widget-heading\" data-id=\"07bb23f\" data-element_type=\"widget\" data-e-type=\"widget\" data-widget_type=\"heading.default\">\n\t\t\t\t<div class=\"elementor-widget-container\">\n\t\t\t\t\t<h2 class=\"elementor-heading-title elementor-size-default\">Quand a lieu l'Oktoberfest en 2025 ?<\/h2>\t\t\t\t<\/div>\n\t\t\t\t<\/div>\n\t\t\t\t<div class=\"elementor-element elementor-element-5402465 elementor-blockquote--skin-border elementor-widget elementor-widget-blockquote\" data-id=\"5402465\" data-element_type=\"widget\" data-e-type=\"widget\" data-widget_type=\"blockquote.default\">\n\t\t\t\t<div class=\"elementor-widget-container\">\n\t\t\t\t\t\t\t<blockquote class=\"elementor-blockquote\">\n\t\t\t<p class=\"elementor-blockquote__content\">\n\t\t\t\tL'\u00e9dition 2025 de l'Oktoberfest aura lieu du samedi 20 septembre au lundi 5 octobre\n\n\t\t\t<\/p>\n\t\t\t\t\t<\/blockquote>\n\t\t\t\t\t\t<\/div>\n\t\t\t\t<\/div>\n\t\t\t\t<div class=\"elementor-element elementor-element-1189760 elementor-widget elementor-widget-text-editor\" data-id=\"1189760\" data-element_type=\"widget\" data-e-type=\"widget\" data-widget_type=\"text-editor.default\">\n\t\t\t\t<div class=\"elementor-widget-container\">\n\t\t\t\t\t\t\t\t\t<p>Contrairement \u00e0 ce que son nom laisse penser, le coup d\u2019envoi de l\u2019Oktoberfest n\u2019est pas donn\u00e9 en octobre mais bien d\u00e8s le mois de septembre.<\/p>\n<p>La f\u00eate de la bi\u00e8re munichoise a lieu chaque ann\u00e9e <strong>du premier samedi suivant le 15 septembre au premier dimanche d\u2019octobre<\/strong> (sauf si celui-ci tombe le 1er ou le 2, auquel cas l\u2019\u00e9v\u00e9nement est prolong\u00e9 jusqu\u2019au 3 octobre pour faire bonne mesure).<\/p>\n<p>La dur\u00e9e totale de l\u2019Oktoberfest peut donc aller <strong>de 16 \u00e0 18 jours.<\/strong><\/p>\t\t\t\t\t\t\t\t<\/div>\n\t\t\t\t<\/div>\n\t\t\t\t<div class=\"elementor-element elementor-element-d783d5b elementor-widget elementor-widget-gallery\" data-id=\"d783d5b\" data-element_type=\"widget\" data-e-type=\"widget\" data-settings=\"{&quot;gallery_layout&quot;:&quot;masonry&quot;,&quot;columns_mobile&quot;:2,&quot;columns_tablet&quot;:4,&quot;lazyload&quot;:&quot;yes&quot;,&quot;columns&quot;:4,&quot;gap&quot;:{&quot;unit&quot;:&quot;px&quot;,&quot;size&quot;:10,&quot;sizes&quot;:[]},&quot;gap_tablet_extra&quot;:{&quot;unit&quot;:&quot;px&quot;,&quot;size&quot;:10,&quot;sizes&quot;:[]},&quot;gap_tablet&quot;:{&quot;unit&quot;:&quot;px&quot;,&quot;size&quot;:10,&quot;sizes&quot;:[]},&quot;gap_mobile&quot;:{&quot;unit&quot;:&quot;px&quot;,&quot;size&quot;:10,&quot;sizes&quot;:[]},&quot;link_to&quot;:&quot;file&quot;,&quot;overlay_background&quot;:&quot;yes&quot;,&quot;content_hover_animation&quot;:&quot;fade-in&quot;}\" data-widget_type=\"gallery.default\">\n\t\t\t\t<div class=\"elementor-widget-container\">\n\t\t\t\t\t\t\t<div class=\"elementor-gallery__container\">\n\t\t\t\t\t\t\t<a class=\"e-gallery-item elementor-gallery-item elementor-animated-content\" href=\"https:\/\/static.unepetitemousse.fr\/wp-content\/uploads\/2022\/07\/29120712\/oktoberfest_allemagne.jpeg\" data-elementor-open-lightbox=\"yes\" data-elementor-lightbox-slideshow=\"d783d5b\" data-elementor-lightbox-title=\"okoberfest\" data-e-action-hash=\"#elementor-action%3Aaction%3Dlightbox%26settings%3DeyJpZCI6MTA4MzY5LCJ1cmwiOiJodHRwczpcL1wvc3RhdGljLnVuZXBldGl0ZW1vdXNzZS5mclwvd3AtY29udGVudFwvdXBsb2Fkc1wvMjAyMlwvMDdcLzI5MTIwNzEyXC9va3RvYmVyZmVzdF9hbGxlbWFnbmUuanBlZyIsInNsaWRlc2hvdyI6ImQ3ODNkNWIifQ%3D%3D\">\n\t\t\t\t\t<div class=\"e-gallery-image elementor-gallery-item__image\" data-thumbnail=\"https:\/\/static.unepetitemousse.fr\/wp-content\/uploads\/2022\/07\/29120712\/oktoberfest_allemagne-768x1070.jpeg\" data-width=\"768\" data-height=\"1070\" aria-label=\"\" role=\"img\" ><\/div>\n\t\t\t\t\t\t\t\t\t\t\t<div class=\"elementor-gallery-item__overlay\"><\/div>\n\t\t\t\t\t\t\t\t\t\t\t\t\t\t<\/a>\n\t\t\t\t\t\t\t<a class=\"e-gallery-item elementor-gallery-item elementor-animated-content\" href=\"https:\/\/static.unepetitemousse.fr\/wp-content\/uploads\/2022\/07\/29120723\/oktoberfest_fete.jpeg\" data-elementor-open-lightbox=\"yes\" data-elementor-lightbox-slideshow=\"d783d5b\" data-elementor-lightbox-title=\"okoberfest\" data-e-action-hash=\"#elementor-action%3Aaction%3Dlightbox%26settings%3DeyJpZCI6MTA4MzcxLCJ1cmwiOiJodHRwczpcL1wvc3RhdGljLnVuZXBldGl0ZW1vdXNzZS5mclwvd3AtY29udGVudFwvdXBsb2Fkc1wvMjAyMlwvMDdcLzI5MTIwNzIzXC9va3RvYmVyZmVzdF9mZXRlLmpwZWciLCJzbGlkZXNob3ciOiJkNzgzZDViIn0%3D\">\n\t\t\t\t\t<div class=\"e-gallery-image elementor-gallery-item__image\" data-thumbnail=\"https:\/\/static.unepetitemousse.fr\/wp-content\/uploads\/2022\/07\/29120723\/oktoberfest_fete-768x1073.jpeg\" data-width=\"768\" data-height=\"1073\" aria-label=\"\" role=\"img\" ><\/div>\n\t\t\t\t\t\t\t\t\t\t\t<div class=\"elementor-gallery-item__overlay\"><\/div>\n\t\t\t\t\t\t\t\t\t\t\t\t\t\t<\/a>\n\t\t\t\t\t\t\t<a class=\"e-gallery-item elementor-gallery-item elementor-animated-content\" href=\"https:\/\/static.unepetitemousse.fr\/wp-content\/uploads\/2022\/07\/29120728\/oktoberfest.jpeg\" data-elementor-open-lightbox=\"yes\" data-elementor-lightbox-slideshow=\"d783d5b\" data-elementor-lightbox-title=\"okoberfest\" data-e-action-hash=\"#elementor-action%3Aaction%3Dlightbox%26settings%3DeyJpZCI6MTA4MzcyLCJ1cmwiOiJodHRwczpcL1wvc3RhdGljLnVuZXBldGl0ZW1vdXNzZS5mclwvd3AtY29udGVudFwvdXBsb2Fkc1wvMjAyMlwvMDdcLzI5MTIwNzI4XC9va3RvYmVyZmVzdC5qcGVnIiwic2xpZGVzaG93IjoiZDc4M2Q1YiJ9\">\n\t\t\t\t\t<div class=\"e-gallery-image elementor-gallery-item__image\" data-thumbnail=\"https:\/\/static.unepetitemousse.fr\/wp-content\/uploads\/2022\/07\/29120728\/oktoberfest-768x1072.jpeg\" data-width=\"768\" data-height=\"1072\" aria-label=\"\" role=\"img\" ><\/div>\n\t\t\t\t\t\t\t\t\t\t\t<div class=\"elementor-gallery-item__overlay\"><\/div>\n\t\t\t\t\t\t\t\t\t\t\t\t\t\t<\/a>\n\t\t\t\t\t<\/div>\n\t\t\t\t\t<\/div>\n\t\t\t\t<\/div>\n\t\t\t\t<div class=\"elementor-element elementor-element-23214a0 elementor-widget elementor-widget-spacer\" data-id=\"23214a0\" data-element_type=\"widget\" data-e-type=\"widget\" data-widget_type=\"spacer.default\">\n\t\t\t\t<div class=\"elementor-widget-container\">\n\t\t\t\t\t\t\t<div class=\"elementor-spacer\">\n\t\t\t<div class=\"elementor-spacer-inner\"><\/div>\n\t\t<\/div>\n\t\t\t\t\t\t<\/div>\n\t\t\t\t<\/div>\n\t\t\t\t<div class=\"elementor-element elementor-element-bafa265 elementor-widget elementor-widget-heading\" data-id=\"bafa265\" data-element_type=\"widget\" data-e-type=\"widget\" data-widget_type=\"heading.default\">\n\t\t\t\t<div class=\"elementor-widget-container\">\n\t\t\t\t\t<h2 class=\"elementor-heading-title elementor-size-default\">Quelles sont les bi\u00e8res de l\u2019Oktoberfest ?<\/h2>\t\t\t\t<\/div>\n\t\t\t\t<\/div>\n\t\t\t\t<div class=\"elementor-element elementor-element-0335da6 elementor-widget elementor-widget-text-editor\" data-id=\"0335da6\" data-element_type=\"widget\" data-e-type=\"widget\" data-widget_type=\"text-editor.default\">\n\t\t\t\t<div class=\"elementor-widget-container\">\n\t\t\t\t\t\t\t\t\t<p>Pendant l\u2019Oktoberfest, on boit beaucoup, beaucoup de bi\u00e8res, mais pas n\u2019importe lesquelles ! Selon le r\u00e8glement de l&rsquo;Oktoberfest, seules des <strong>bi\u00e8res\u00a0brass\u00e9es \u00e0 Munich ET respectant le <a href=\"https:\/\/unepetitemousse.fr\/blog\/loi-purete-allemande\/\">Reinheitsgebot<\/a><\/strong>, la tr\u00e8s stricte loi de la puret\u00e9 de la bi\u00e8re allemande, peuvent \u00eatre distribu\u00e9es pendant l&rsquo;\u00e9v\u00e9nement. Seulement <strong>6 brasseries\u00a0respectent ces conditions<\/strong> :<\/p>\n<ul>\n<li>Augustiner<\/li>\n<li>Hacker-Pschorr<\/li>\n<li>Hofbr\u00e4u M\u00fcnchen<\/li>\n<li>L\u00f6wenbr\u00e4u<\/li>\n<li>Paulaner<\/li>\n<li>Spaten<\/li>\n<\/ul>\n<div>\u00a0<\/div>\n<p>La grande majorit\u00e9 des bi\u00e8res de l&rsquo;Oktoberfest sont servies dans des chopes en verre d&rsquo;une capacit\u00e9 d&rsquo;un litre appel\u00e9es\u00a0<strong><em>Ma\u00df<\/em><\/strong>\u00a0(prononcez \u00ab\u00a0mass\u00a0\u00bb). Lors de l&rsquo;\u00e9dition 2019, le prix d&rsquo;une chope allait de 10,80\u20ac et 11,90\u20ac selon le\u00a0site de la ville de Munich.<\/p>\n<p>LA\u00a0bi\u00e8re iconique de l\u2019Oktoberfest, c\u2019est bien entendu la\u00a0<strong>M\u00e4rzen<\/strong>.\u00a0La M\u00e4rzenbier est un type de bi\u00e8re de saison\u00a0<strong>brass\u00e9e en mars et qui m\u00fbrit jusqu&rsquo;au mois de septembre<\/strong>\u00a0(pile \u00e0 temps pour l&rsquo;Oktoberfest). Elle appartient \u00e0 la grande famille des\u00a0<a href=\"https:\/\/unepetitemousse.fr\/blog\/biere-lager\/\" target=\"_blank\" rel=\"noreferrer noopener\"><strong>Lagers<\/strong><\/a>.<\/p>\n<p>Les cons\u00e9quences de cette conservation durant la moiti\u00e9 de l&rsquo;ann\u00e9e dont des M\u00e4rzen des bi\u00e8res\u00a0<strong>bien houblonn\u00e9es<\/strong> et avec un taux d&rsquo;alcool\u00a0qui avoisine les\u00a0<strong>6%<\/strong>. La couleur de ces bi\u00e8res de l&rsquo;Oktoberfest oscille du dor\u00e9 \u00e0 l&rsquo;ambr\u00e9.<\/p>\t\t\t\t\t\t\t\t<\/div>\n\t\t\t\t<\/div>\n\t\t\t\t<div class=\"elementor-element elementor-element-6eeee56 elementor-cta--layout-image-left elementor-cta--mobile-layout-image-above elementor-cta--skin-classic elementor-animated-content elementor-bg-transform elementor-bg-transform-zoom-in elementor-widget elementor-widget-call-to-action\" data-id=\"6eeee56\" data-element_type=\"widget\" data-e-type=\"widget\" data-widget_type=\"call-to-action.default\">\n\t\t\t\t<div class=\"elementor-widget-container\">\n\t\t\t\t\t\t\t<a class=\"elementor-cta\" href=\"https:\/\/unepetitemousse.fr\/categorie\/boutique\/origine\/allemagne?utm_source=blog&#038;utm_medium=cta&#038;utm_campaign=boutique&#038;utm_content=biere-oktoberfest\" target=\"_blank\">\n\t\t\t\t\t<div class=\"elementor-cta__bg-wrapper\">\n\t\t\t\t<div class=\"elementor-cta__bg elementor-bg\" style=\"background-image: url(https:\/\/static.unepetitemousse.fr\/wp-content\/uploads\/2021\/09\/01115447\/acheter-biere-oktoberfest.png);\" role=\"img\" aria-label=\"Acheter bi\u00e8res de l&#039;Oktoberfest\"><\/div>\n\t\t\t\t<div class=\"elementor-cta__bg-overlay\"><\/div>\n\t\t\t<\/div>\n\t\t\t\t\t\t\t<div class=\"elementor-cta__content\">\n\t\t\t\t\n\t\t\t\t\t\t\t\t\t<span class=\"elementor-cta__title elementor-cta__content-item elementor-content-item\">\n\t\t\t\t\t\tBi\u00e8res allemandes en ligne \ud83c\udf7b\t\t\t\t\t<\/span>\n\t\t\t\t\n\t\t\t\t\t\t\t\t\t<div class=\"elementor-cta__description elementor-cta__content-item elementor-content-item\">\n\t\t\t\t\t\tCommandez <strong>les meilleures bi\u00e8res de l'Oktoberfest<\/strong> (dont la mythique Paulaner) sur notre boutique en ligne \t\t\t\t\t<\/div>\n\t\t\t\t\n\t\t\t\t\t\t\t\t\t<div class=\"elementor-cta__button-wrapper elementor-cta__content-item elementor-content-item \">\n\t\t\t\t\t<span class=\"elementor-cta__button elementor-button elementor-size-md\">\n\t\t\t\t\t\tJe c\u00e9l\u00e8bre la bi\u00e8re\t\t\t\t\t<\/span>\n\t\t\t\t\t<\/div>\n\t\t\t\t\t\t\t<\/div>\n\t\t\t\t\t\t<\/a>\n\t\t\t\t\t\t<\/div>\n\t\t\t\t<\/div>\n\t\t\t\t<div class=\"elementor-element elementor-element-352e299 elementor-widget elementor-widget-spacer\" data-id=\"352e299\" data-element_type=\"widget\" data-e-type=\"widget\" data-widget_type=\"spacer.default\">\n\t\t\t\t<div class=\"elementor-widget-container\">\n\t\t\t\t\t\t\t<div class=\"elementor-spacer\">\n\t\t\t<div class=\"elementor-spacer-inner\"><\/div>\n\t\t<\/div>\n\t\t\t\t\t\t<\/div>\n\t\t\t\t<\/div>\n\t\t\t\t<div class=\"elementor-element elementor-element-543a9f0 elementor-widget elementor-widget-heading\" data-id=\"543a9f0\" data-element_type=\"widget\" data-e-type=\"widget\" data-widget_type=\"heading.default\">\n\t\t\t\t<div class=\"elementor-widget-container\">\n\t\t\t\t\t<h2 class=\"elementor-heading-title elementor-size-default\">L'Oktoberfest en s\u00e9rie t\u00e9l\u00e9<\/h2>\t\t\t\t<\/div>\n\t\t\t\t<\/div>\n\t\t\t\t<div class=\"elementor-element elementor-element-02e9c8e elementor-widget elementor-widget-text-editor\" data-id=\"02e9c8e\" data-element_type=\"widget\" data-e-type=\"widget\" data-widget_type=\"text-editor.default\">\n\t\t\t\t<div class=\"elementor-widget-container\">\n\t\t\t\t\t\t\t\t\t<p>En plus d\u2019\u00eatre\u00a0<strong>c\u00e9l\u00e9br\u00e9e un peu partout dans le monde<\/strong> \u00e0 l\u2019instar de la\u00a0Saint Patrick, l\u2019Oktoberfest est \u00e9galement tr\u00e8s pr\u00e9sente dans l\u2019imaginaire collectif, et se d\u00e9cline sous de nombreuses formes. Et parce que\u00a0<a href=\"https:\/\/unepetitemousse.fr\/blog\/bieres-et-series\/\" target=\"_blank\" rel=\"noreferrer noopener\">bi\u00e8re et pop culture<\/a>, c&rsquo;est une v\u00e9ritable histoire d&rsquo;amour, il y avait peu de chances que l&rsquo;Oktoberfest y \u00e9chappe !<\/p>\n<p>Apr\u00e8s la s\u00e9rie consacr\u00e9e \u00e0 des home-brewers\u00a0Brews Brothers\u00a0sortie au printemps 2020, <strong>Netflix r\u00e9cidive avec L&rsquo;Empire Oktoberfest <\/strong><em>(Oktoberst : Beer &amp; Blood en VO)<\/em> sortie \u00e0 l&rsquo;automne 2020.<\/p>\n<p>Cette s\u00e9rie de fiction allemande et autrichienne nous plonge dans le Munich du\u00a0<strong>d\u00e9but du XIX<sup>e\u00a0<\/sup>si\u00e8cle<\/strong>, et suit le\u00a0<strong>d\u00e9veloppement commercial de cet \u00e9v\u00e9nement particuli\u00e8rement lucratif<\/strong>. Entre guerre de tentes et myst\u00e9rieux accidents de caisses de bi\u00e8res, le r\u00e9sultat a\u00a0pour le moins l&rsquo;air d&rsquo;\u00eatre \u00e9pique&#8230;<\/p>\t\t\t\t\t\t\t\t<\/div>\n\t\t\t\t<\/div>\n\t\t\t\t<div class=\"elementor-element elementor-element-129166f elementor-widget elementor-widget-video\" data-id=\"129166f\" data-element_type=\"widget\" data-e-type=\"widget\" data-settings=\"{&quot;youtube_url&quot;:&quot;https:\\\/\\\/www.youtube.com\\\/watch?v=bSH2LM__E3A&quot;,&quot;video_type&quot;:&quot;youtube&quot;,&quot;controls&quot;:&quot;yes&quot;}\" data-widget_type=\"video.default\">\n\t\t\t\t<div class=\"elementor-widget-container\">\n\t\t\t\t\t\t\t<div class=\"elementor-wrapper elementor-open-inline\">\n\t\t\t<div class=\"elementor-video\"><\/div>\t\t<\/div>\n\t\t\t\t\t\t<\/div>\n\t\t\t\t<\/div>\n\t\t\t\t<div class=\"elementor-element elementor-element-553722c elementor-widget-divider--view-line elementor-widget elementor-widget-divider\" data-id=\"553722c\" data-element_type=\"widget\" data-e-type=\"widget\" data-widget_type=\"divider.default\">\n\t\t\t\t<div class=\"elementor-widget-container\">\n\t\t\t\t\t\t\t<div class=\"elementor-divider\">\n\t\t\t<span class=\"elementor-divider-separator\">\n\t\t\t\t\t\t<\/span>\n\t\t<\/div>\n\t\t\t\t\t\t<\/div>\n\t\t\t\t<\/div>\n\t\t\t\t<div class=\"elementor-element elementor-element-d251e76 elementor-widget elementor-widget-text-editor\" data-id=\"d251e76\" data-element_type=\"widget\" data-e-type=\"widget\" data-widget_type=\"text-editor.default\">\n\t\t\t\t<div class=\"elementor-widget-container\">\n\t\t\t\t\t\t\t\t\t<p>Pour aller plus loin<\/p>\n<ul>\n<li>Bi\u00e8re et Allemagne\n<ul>\n<li><a href=\"https:\/\/unepetitemousse.fr\/blog\/biere-lager\/\">le style Lager, une bi\u00e8re venue de Bavi\u00e8re<\/a><\/li>\n<li><a href=\"https:\/\/unepetitemousse.fr\/blog\/biere-allemande-top-5\/\">les 5 bi\u00e8res allemandes \u00e0 go\u00fbter dans sa vie<\/a><\/li>\n<li><a href=\"https:\/\/unepetitemousse.fr\/blog\/rauchbier-biere-fumee-allemande\/\">Rauchbier, la bi\u00e8re fum\u00e9e allemande<\/a><\/li>\n<li><a href=\"https:\/\/unepetitemousse.fr\/blog\/loi-purete-allemande\/\">tout sur la loi de la puret\u00e9 de la bi\u00e8re<\/a><\/li>\n<\/ul>\n<\/li>\n<li>F\u00eates de la bi\u00e8re\n<ul>\n<li><a href=\"https:\/\/unepetitemousse.fr\/blog\/liste-festivals-biere\/\">liste des festivals brassicoles<\/a><\/li>\n<li><a href=\"https:\/\/unepetitemousse.fr\/blog\/fete-de-saint-patrick\/\">la Saint-Patrick<\/a><\/li>\n<\/ul>\n<\/li>\n<\/ul>\t\t\t\t\t\t\t\t<\/div>\n\t\t\t\t<\/div>\n\t\t\t\t<div class=\"elementor-element elementor-element-4d281e9 elementor-widget elementor-widget-html\" data-id=\"4d281e9\" data-element_type=\"widget\" data-e-type=\"widget\" data-widget_type=\"html.default\">\n\t\t\t\t<div class=\"elementor-widget-container\">\n\t\t\t\t\t<script>gtag('set',{'content_group1':'Cocon S\u00e9mantique'});<\/script>\t\t\t\t<\/div>\n\t\t\t\t<\/div>\n\t\t\t\t\t<\/div>\n\t\t<\/div>\n\t\t\t\t\t<\/div>\n\t\t<\/section>\n\t\t\t\t<\/div>\n\t\t","protected":false},"excerpt":{"rendered":"<p>L\u2019Oktoberfest (litt\u00e9ralement \u201cf\u00eate d\u2019octobre\u201d) est sans nulle doute la\u00a0f\u00eate de la bi\u00e8re la plus c\u00e9l\u00e8bre au monde. Chaque ann\u00e9e, des centaines de milliers de visiteurs envahissent Munich pour avoir la chance de s\u2019imbiber de litres de\u00a0bi\u00e8re allemande\u00a0au rythme des musiques traditionnelles bavaroises. Le mois de septembre marque traditionnellement le d\u00e9but de l\u2019\u00e9v\u00e9nement : alors enfilez [&hellip;]<\/p>\n","protected":false},"author":21,"featured_media":62779,"comment_status":"open","ping_status":"closed","sticky":false,"template":"","format":"standard","meta":{"_acf_changed":false,"_seopress_robots_primary_cat":"none","_seopress_titles_title":"Bi\u00e8re Oktoberfest : Que boit-on pour la f\u00eate de la bi\u00e8re ?","_seopress_titles_desc":"Quelles sont les bi\u00e8res de l'Oktoberfest ? On vous dit tout sur l'origine de cette c\u00e9l\u00e8bre f\u00eate de la bi\u00e8re allemande et sur ce que l'on peut y boire !","_seopress_robots_index":"","footnotes":""},"categories":[2,7],"tags":[850],"class_list":["post-62770","post","type-post","status-publish","format-standard","has-post-thumbnail","hentry","category-actu-biere","category-tourisme-brassicole","tag-biere-allemande"],"acf":[],"_links":{"self":[{"href":"https:\/\/unepetitemousse.fr\/blog\/wp-json\/wp\/v2\/posts\/62770","targetHints":{"allow":["GET"]}}],"collection":[{"href":"https:\/\/unepetitemousse.fr\/blog\/wp-json\/wp\/v2\/posts"}],"about":[{"href":"https:\/\/unepetitemousse.fr\/blog\/wp-json\/wp\/v2\/types\/post"}],"author":[{"embeddable":true,"href":"https:\/\/unepetitemousse.fr\/blog\/wp-json\/wp\/v2\/users\/21"}],"replies":[{"embeddable":true,"href":"https:\/\/unepetitemousse.fr\/blog\/wp-json\/wp\/v2\/comments?post=62770"}],"version-history":[{"count":12,"href":"https:\/\/unepetitemousse.fr\/blog\/wp-json\/wp\/v2\/posts\/62770\/revisions"}],"predecessor-version":[{"id":150213,"href":"https:\/\/unepetitemousse.fr\/blog\/wp-json\/wp\/v2\/posts\/62770\/revisions\/150213"}],"wp:featuredmedia":[{"embeddable":true,"href":"https:\/\/unepetitemousse.fr\/blog\/wp-json\/wp\/v2\/media\/62779"}],"wp:attachment":[{"href":"https:\/\/unepetitemousse.fr\/blog\/wp-json\/wp\/v2\/media?parent=62770"}],"wp:term":[{"taxonomy":"category","embeddable":true,"href":"https:\/\/unepetitemousse.fr\/blog\/wp-json\/wp\/v2\/categories?post=62770"},{"taxonomy":"post_tag","embeddable":true,"href":"https:\/\/unepetitemousse.fr\/blog\/wp-json\/wp\/v2\/tags?post=62770"}],"curies":[{"name":"wp","href":"https:\/\/api.w.org\/{rel}","templated":true}]}}