{"id":9860,"date":"2019-11-04T14:40:08","date_gmt":"2019-11-04T13:40:08","guid":{"rendered":"https:\/\/unepetitemousse.fr\/blog\/?p=9860"},"modified":"2024-05-28T15:04:32","modified_gmt":"2024-05-28T13:04:32","slug":"biere-sans-gluten","status":"publish","type":"post","link":"https:\/\/unepetitemousse.fr\/blog\/biere-sans-gluten\/","title":{"rendered":"La bi\u00e8re sans gluten, c&rsquo;est possible&#8230; et c&rsquo;est bon !"},"content":{"rendered":"\t\t<div data-elementor-type=\"wp-post\" data-elementor-id=\"9860\" class=\"elementor elementor-9860\" data-elementor-post-type=\"post\">\n\t\t\t\t\t\t<section class=\"elementor-section elementor-top-section elementor-element elementor-element-2aebb902 elementor-section-boxed elementor-section-height-default elementor-section-height-default\" data-id=\"2aebb902\" data-element_type=\"section\" data-e-type=\"section\">\n\t\t\t\t\t\t<div class=\"elementor-container elementor-column-gap-default\">\n\t\t\t\t\t<div class=\"elementor-column elementor-col-100 elementor-top-column elementor-element elementor-element-458953d2\" data-id=\"458953d2\" data-element_type=\"column\" data-e-type=\"column\">\n\t\t\t<div class=\"elementor-widget-wrap elementor-element-populated\">\n\t\t\t\t\t\t<div class=\"elementor-element elementor-element-4653767 elementor-widget elementor-widget-text-editor\" data-id=\"4653767\" data-element_type=\"widget\" data-e-type=\"widget\" data-widget_type=\"text-editor.default\">\n\t\t\t\t<div class=\"elementor-widget-container\">\n\t\t\t\t\t\t\t\t\t<p>Sans gluten (ou gluten-free pour les anglophones) : vous voyez depuis peu fleurir cette appellation sur les rayons de votre \u00e9picerie. Et peut-\u00eatre m\u00eame, plus r\u00e9cemment, dans votre cave \u00e0 bi\u00e8re favorite ? <strong>Ph\u00e9nom\u00e8ne de mode mais aussi v\u00e9ritable r\u00e9ponse \u00e0 un trouble de plus en plus fr\u00e9quent et identifi\u00e9,<\/strong> la bi\u00e8re sans gluten se d\u00e9veloppe \u00e0 grande vitesse. Il est temps de d\u00e9s\u00e9paissir le myst\u00e8re autour de ces petites mousses qui pensent \u00e0 tout le monde, m\u00eame aux plus intol\u00e9rants. Dans le sillage des <a href=\"https:\/\/unepetitemousse.fr\/blog\/biere-sans-alcool\/\" data-type=\"post\" data-id=\"8868\">bi\u00e8res sans alcool<\/a>, d\u00e9couvrez <strong>les meilleures bi\u00e8res sans gluten<\/strong> et les secrets de leur \u00e9laboration.<\/p>\n<p><!-- \/wp:paragraph --><!-- wp:more --><!-- \/wp:more --><!-- wp:paragraph --><\/p>\t\t\t\t\t\t\t\t<\/div>\n\t\t\t\t<\/div>\n\t\t\t\t<div class=\"elementor-element elementor-element-23d6a1e elementor-widget elementor-widget-heading\" data-id=\"23d6a1e\" data-element_type=\"widget\" data-e-type=\"widget\" data-widget_type=\"heading.default\">\n\t\t\t\t<div class=\"elementor-widget-container\">\n\t\t\t\t\t<h2 class=\"elementor-heading-title elementor-size-default\">Le sans gluten, pourquoi, pour qui ?<\/h2>\t\t\t\t<\/div>\n\t\t\t\t<\/div>\n\t\t\t\t<div class=\"elementor-element elementor-element-346ee6d elementor-widget elementor-widget-text-editor\" data-id=\"346ee6d\" data-element_type=\"widget\" data-e-type=\"widget\" data-widget_type=\"text-editor.default\">\n\t\t\t\t<div class=\"elementor-widget-container\">\n\t\t\t\t\t\t\t\t\t<p>Le gluten est une prot\u00e9ine contenue dans nombre de c\u00e9r\u00e9ales, \u00e0 laquelle certaines personnes r\u00e9agissent mal. On la trouve notamment <strong>dans le bl\u00e9 et l&rsquo;orge.\u00a0<\/strong>Or, ce sont bien ces deux c\u00e9r\u00e9ales qui sont <strong>majoritairement utilis\u00e9es<\/strong> pour confectionner le <a href=\"https:\/\/unepetitemousse.fr\/blog\/le-malt-dans-la-biere-artisanale\/\">malt<\/a>, ingr\u00e9dient essentiel au brassage. Il faut en effet jusqu&rsquo;\u00e0 <strong>200 grammes<\/strong> de malt pour produire 1 litre de bi\u00e8re !<\/p>\n<p><span style=\"text-align: var(--text-align);\">Aujourd\u2019hui en France, ce sont <\/span><strong style=\"text-align: var(--text-align);\">pr\u00e8s de 500 000 intol\u00e9rants<\/strong><span style=\"text-align: var(--text-align);\"> qui devraient mettre au placard bi\u00e8res et baguettes pour le restant de leur vie. Mais, bonne nouvelle, tout n\u2019est pas perdu, loin de l\u00e0 !\u00a0<\/span><strong style=\"text-align: var(--text-align);\">D\u00e9cid\u00e9s \u00e0 innover<\/strong><span style=\"text-align: var(--text-align);\">, nombre de brasseurs se sont pench\u00e9s sur la question d\u2019<\/span><strong style=\"text-align: var(--text-align);\">une bi\u00e8re sans gluten<\/strong><span style=\"text-align: var(--text-align);\">&#8230; Alors, amis intol\u00e9rants au gluten, ne jetez pas tout de suite votre d\u00e9capsuleur.<\/span><\/p>\n<p><!-- \/wp:paragraph --><!-- wp:paragraph --><\/p>\t\t\t\t\t\t\t\t<\/div>\n\t\t\t\t<\/div>\n\t\t\t\t<div class=\"elementor-element elementor-element-0046971 elementor-widget elementor-widget-spacer\" data-id=\"0046971\" data-element_type=\"widget\" data-e-type=\"widget\" data-widget_type=\"spacer.default\">\n\t\t\t\t<div class=\"elementor-widget-container\">\n\t\t\t\t\t\t\t<div class=\"elementor-spacer\">\n\t\t\t<div class=\"elementor-spacer-inner\"><\/div>\n\t\t<\/div>\n\t\t\t\t\t\t<\/div>\n\t\t\t\t<\/div>\n\t\t\t\t<div class=\"elementor-element elementor-element-63875fa elementor-blockquote--skin-border elementor-widget elementor-widget-blockquote\" data-id=\"63875fa\" data-element_type=\"widget\" data-e-type=\"widget\" data-widget_type=\"blockquote.default\">\n\t\t\t\t<div class=\"elementor-widget-container\">\n\t\t\t\t\t\t\t<blockquote class=\"elementor-blockquote\">\n\t\t\t<p class=\"elementor-blockquote__content\">\n\t\t\t\tPour \u00eatre certifi\u00e9e \"bi\u00e8re gluten-free\" en France, votre petite mousse doit contenir moins de 20 milligrammes de gluten par litre.\t\t\t<\/p>\n\t\t\t\t\t<\/blockquote>\n\t\t\t\t\t\t<\/div>\n\t\t\t\t<\/div>\n\t\t\t\t<div class=\"elementor-element elementor-element-87dd5ab elementor-widget elementor-widget-spacer\" data-id=\"87dd5ab\" data-element_type=\"widget\" data-e-type=\"widget\" data-widget_type=\"spacer.default\">\n\t\t\t\t<div class=\"elementor-widget-container\">\n\t\t\t\t\t\t\t<div class=\"elementor-spacer\">\n\t\t\t<div class=\"elementor-spacer-inner\"><\/div>\n\t\t<\/div>\n\t\t\t\t\t\t<\/div>\n\t\t\t\t<\/div>\n\t\t\t\t<div class=\"elementor-element elementor-element-16d44a2 elementor-cta--layout-image-left elementor-cta--mobile-layout-image-above elementor-cta--skin-classic elementor-animated-content elementor-bg-transform elementor-bg-transform-zoom-in elementor-widget elementor-widget-call-to-action\" data-id=\"16d44a2\" data-element_type=\"widget\" data-e-type=\"widget\" data-widget_type=\"call-to-action.default\">\n\t\t\t\t<div class=\"elementor-widget-container\">\n\t\t\t\t\t\t\t<a class=\"elementor-cta\" href=\"https:\/\/unepetitemousse.fr\/produit\/coffret-bieres-sans-gluten?utm_source=blog&#038;utm_medium=cta&#038;utm_campaign=boutique&#038;utm_content=biere-sans-gluten\" target=\"_blank\">\n\t\t\t\t\t<div class=\"elementor-cta__bg-wrapper\">\n\t\t\t\t<div class=\"elementor-cta__bg elementor-bg\" style=\"background-image: url(https:\/\/static.unepetitemousse.fr\/wp-content\/uploads\/2019\/11\/28145015\/pack-sans-gluten-20241-1024x1024.png);\" role=\"img\" aria-label=\"allergie \u00e0 la bi\u00e8re\"><\/div>\n\t\t\t\t<div class=\"elementor-cta__bg-overlay\"><\/div>\n\t\t\t<\/div>\n\t\t\t\t\t\t\t<div class=\"elementor-cta__content\">\n\t\t\t\t\n\t\t\t\t\t\t\t\t\t<h4 class=\"elementor-cta__title elementor-cta__content-item elementor-content-item\">\n\t\t\t\t\t\tCOFFRET DE 6 BI\u00c8RES SANS GLUTEN\t\t\t\t\t<\/h4>\n\t\t\t\t\n\t\t\t\t\t\t\t\t\t<div class=\"elementor-cta__description elementor-cta__content-item elementor-content-item\">\n\t\t\t\t\t\t\n\n\u21e2 S\u00e9lectionn\u00e9es par notre zythologue <br>\n\u21e2 Assortiment de styles incontournables : rousse, blonde, IPA, pils... <br>\n\n\u21e2 Pour soi ou pour offrir, \u00e0 domicile ou en relais\n<br><br>\t\t\t\t\t<\/div>\n\t\t\t\t\n\t\t\t\t\t\t\t\t\t<div class=\"elementor-cta__button-wrapper elementor-cta__content-item elementor-content-item \">\n\t\t\t\t\t<span class=\"elementor-cta__button elementor-button elementor-size-\">\n\t\t\t\t\t\tCOMMANDER\t\t\t\t\t<\/span>\n\t\t\t\t\t<\/div>\n\t\t\t\t\t\t\t<\/div>\n\t\t\t\t\t\t<\/a>\n\t\t\t\t\t\t<\/div>\n\t\t\t\t<\/div>\n\t\t\t\t<div class=\"elementor-element elementor-element-6143baa elementor-widget__width-initial elementor-widget elementor-widget-heading\" data-id=\"6143baa\" data-element_type=\"widget\" data-e-type=\"widget\" data-widget_type=\"heading.default\">\n\t\t\t\t<div class=\"elementor-widget-container\">\n\t\t\t\t\t<h2 class=\"elementor-heading-title elementor-size-default\">Comment brasser une bi\u00e8re sans gluten<\/h2>\t\t\t\t<\/div>\n\t\t\t\t<\/div>\n\t\t\t\t<div class=\"elementor-element elementor-element-a32703b elementor-widget elementor-widget-text-editor\" data-id=\"a32703b\" data-element_type=\"widget\" data-e-type=\"widget\" data-widget_type=\"text-editor.default\">\n\t\t\t\t<div class=\"elementor-widget-container\">\n\t\t\t\t\t\t\t\t\t<p>Pour transformer le grain de c\u00e9r\u00e9ale en\u00a0<a href=\"https:\/\/unepetitemousse.fr\/blog\/malt-biere-artisanale\/\">malt<\/a>\u00a0\u00e0 proprement parler, il doit subir plusieurs \u00e9tapes : le\u00a0<strong>trempage<\/strong>, la\u00a0<strong>germination<\/strong>, le\u00a0<strong>touraillage<\/strong>\u00a0et enfin le\u00a0<strong>d\u00e9germage<\/strong>. Le processus peut se cl\u00f4turer par une phase de\u00a0<strong>torr\u00e9faction.<\/strong><\/p>\n<p>Bien qu\u2019il provienne donc la plupart du temps de l\u2019orge ou du bl\u00e9, le malt si cher au c\u0153ur des brasseurs peut \u00eatre produit\u00a0<strong>\u00e0 partir d\u2019un grand nombre de vari\u00e9t\u00e9s de c\u00e9r\u00e9ales<\/strong>. Une nouvelle qui devrait r\u00e9jouir les malades coeliaques qui se trouvent parmi nous.<\/p>\t\t\t\t\t\t\t\t<\/div>\n\t\t\t\t<\/div>\n\t\t\t\t<div class=\"elementor-element elementor-element-7efa73c elementor-widget elementor-widget-heading\" data-id=\"7efa73c\" data-element_type=\"widget\" data-e-type=\"widget\" data-widget_type=\"heading.default\">\n\t\t\t\t<div class=\"elementor-widget-container\">\n\t\t\t\t\t<h3 class=\"elementor-heading-title elementor-size-default\">Option 1 : d\u00e9-glut\u00e9iniser la bi\u00e8re<\/h3>\t\t\t\t<\/div>\n\t\t\t\t<\/div>\n\t\t\t\t<div class=\"elementor-element elementor-element-168647b elementor-widget elementor-widget-text-editor\" data-id=\"168647b\" data-element_type=\"widget\" data-e-type=\"widget\" data-widget_type=\"text-editor.default\">\n\t\t\t\t<div class=\"elementor-widget-container\">\n\t\t\t\t\t\t\t\t\t<p>Comme pour la bi\u00e8re sans alcool, la bi\u00e8re sans gluten peut \u00eatre obtenue selon diff\u00e9rents proc\u00e9d\u00e9s. Une premi\u00e8re option consiste \u00e0\u00a0<strong>\u201cd\u00e9-gluteiniser\u201d le brassin final<\/strong>. Le brasseur peut utiliser du bl\u00e9, contenant donc du gluten, puis<strong>\u00a0enl\u00e8vera la prot\u00e9ine fautive directement dans le produit fini, gr\u00e2ce \u00e0 une enzyme ou une filtration<\/strong>. Mais ce proc\u00e9d\u00e9 est co\u00fbteux, compliqu\u00e9, et pas fiable \u00e0 100%.<\/p>\t\t\t\t\t\t\t\t<\/div>\n\t\t\t\t<\/div>\n\t\t\t\t<div class=\"elementor-element elementor-element-ed5e9b4 elementor-widget elementor-widget-heading\" data-id=\"ed5e9b4\" data-element_type=\"widget\" data-e-type=\"widget\" data-widget_type=\"heading.default\">\n\t\t\t\t<div class=\"elementor-widget-container\">\n\t\t\t\t\t<h3 class=\"elementor-heading-title elementor-size-default\">Option 2 : changer de c\u00e9r\u00e9ale<\/h3>\t\t\t\t<\/div>\n\t\t\t\t<\/div>\n\t\t\t\t<div class=\"elementor-element elementor-element-51a6a41 elementor-widget elementor-widget-text-editor\" data-id=\"51a6a41\" data-element_type=\"widget\" data-e-type=\"widget\" data-widget_type=\"text-editor.default\">\n\t\t\t\t<div class=\"elementor-widget-container\">\n\t\t\t\t\t\t\t\t\t<p>Retour \u00e0 la source donc, avec l\u2019<strong>utilisation de c\u00e9r\u00e9ales qui ne contiennent pas la prot\u00e9ine de gluten<\/strong>. Car si le bl\u00e9 et l\u2019orge sont majoritaires dans les cuves, ce ne sont pas les seules graines \u00e0 pouvoir \u00eatre travaill\u00e9es ! Parmi les ingr\u00e9dients alternatifs pour cr\u00e9er du malt sans gluten, vous pourrez notamment retrouver :<\/p>\t\t\t\t\t\t\t\t<\/div>\n\t\t\t\t<\/div>\n\t\t\t\t<div class=\"elementor-element elementor-element-3cef523 elementor-arrows-position-inside elementor-pagination-position-outside elementor-widget elementor-widget-image-carousel\" data-id=\"3cef523\" data-element_type=\"widget\" data-e-type=\"widget\" data-settings=\"{&quot;navigation&quot;:&quot;both&quot;,&quot;autoplay&quot;:&quot;yes&quot;,&quot;pause_on_hover&quot;:&quot;yes&quot;,&quot;pause_on_interaction&quot;:&quot;yes&quot;,&quot;autoplay_speed&quot;:5000,&quot;infinite&quot;:&quot;yes&quot;,&quot;speed&quot;:500,&quot;image_spacing_custom&quot;:{&quot;unit&quot;:&quot;px&quot;,&quot;size&quot;:20,&quot;sizes&quot;:[]},&quot;image_spacing_custom_tablet_extra&quot;:{&quot;unit&quot;:&quot;px&quot;,&quot;size&quot;:&quot;&quot;,&quot;sizes&quot;:[]},&quot;image_spacing_custom_tablet&quot;:{&quot;unit&quot;:&quot;px&quot;,&quot;size&quot;:&quot;&quot;,&quot;sizes&quot;:[]},&quot;image_spacing_custom_mobile&quot;:{&quot;unit&quot;:&quot;px&quot;,&quot;size&quot;:&quot;&quot;,&quot;sizes&quot;:[]}}\" data-widget_type=\"image-carousel.default\">\n\t\t\t\t<div class=\"elementor-widget-container\">\n\t\t\t\t\t\t\t<div class=\"elementor-image-carousel-wrapper swiper\" role=\"region\" aria-roledescription=\"carousel\" aria-label=\"Carrousel d\u2019images\" dir=\"ltr\">\n\t\t\t<div class=\"elementor-image-carousel swiper-wrapper swiper-image-stretch\" aria-live=\"off\">\n\t\t\t\t\t\t\t\t<div class=\"swiper-slide\" role=\"group\" aria-roledescription=\"slide\" aria-label=\"1 sur 4\"><a data-elementor-open-lightbox=\"yes\" data-elementor-lightbox-slideshow=\"3cef523\" data-elementor-lightbox-title=\"baladin-nazionale_millet_ambilimon-annamala-poosari\" data-e-action-hash=\"#elementor-action%3Aaction%3Dlightbox%26settings%3DeyJpZCI6MTEyNDI4LCJ1cmwiOiJodHRwczpcL1wvc3RhdGljLnVuZXBldGl0ZW1vdXNzZS5mclwvd3AtY29udGVudFwvdXBsb2Fkc1wvMjAxOVwvMTFcLzA5MTYxODU3XC9iYWxhZGluLW5hemlvbmFsZV9taWxsZXRfYW1iaWxpbW9uLWFubmFtYWxhLXBvb3NhcmkuanBnIiwic2xpZGVzaG93IjoiM2NlZjUyMyJ9\" href=\"https:\/\/static.unepetitemousse.fr\/wp-content\/uploads\/2019\/11\/09161857\/baladin-nazionale_millet_ambilimon-annamala-poosari.jpg\"><figure class=\"swiper-slide-inner\"><img decoding=\"async\" class=\"swiper-slide-image\" src=\"https:\/\/static.unepetitemousse.fr\/wp-content\/uploads\/2019\/11\/09161857\/baladin-nazionale_millet_ambilimon-annamala-poosari-700x555.jpg\" alt=\"bi\u00e8re sans gluten millet\" \/><figcaption class=\"elementor-image-carousel-caption\">Millet<\/figcaption><\/figure><\/a><\/div><div class=\"swiper-slide\" role=\"group\" aria-roledescription=\"slide\" aria-label=\"2 sur 4\"><a data-elementor-open-lightbox=\"yes\" data-elementor-lightbox-slideshow=\"3cef523\" data-elementor-lightbox-title=\"baladin-nazionale_quinoa_pierre-bamin\" data-e-action-hash=\"#elementor-action%3Aaction%3Dlightbox%26settings%3DeyJpZCI6MTEyNDI5LCJ1cmwiOiJodHRwczpcL1wvc3RhdGljLnVuZXBldGl0ZW1vdXNzZS5mclwvd3AtY29udGVudFwvdXBsb2Fkc1wvMjAxOVwvMTFcLzA5MTYxOTAyXC9iYWxhZGluLW5hemlvbmFsZV9xdWlub2FfcGllcnJlLWJhbWluLmpwZyIsInNsaWRlc2hvdyI6IjNjZWY1MjMifQ%3D%3D\" href=\"https:\/\/static.unepetitemousse.fr\/wp-content\/uploads\/2019\/11\/09161902\/baladin-nazionale_quinoa_pierre-bamin.jpg\"><figure class=\"swiper-slide-inner\"><img decoding=\"async\" class=\"swiper-slide-image\" src=\"https:\/\/static.unepetitemousse.fr\/wp-content\/uploads\/2019\/11\/09161902\/baladin-nazionale_quinoa_pierre-bamin-700x555.jpg\" alt=\"bi\u00e8re sans gluten quinoa\" \/><figcaption class=\"elementor-image-carousel-caption\">Quinoa<\/figcaption><\/figure><\/a><\/div><div class=\"swiper-slide\" role=\"group\" aria-roledescription=\"slide\" aria-label=\"3 sur 4\"><a data-elementor-open-lightbox=\"yes\" data-elementor-lightbox-slideshow=\"3cef523\" data-elementor-lightbox-title=\"baladin-nazionale_riz_pierre-bamin\" data-e-action-hash=\"#elementor-action%3Aaction%3Dlightbox%26settings%3DeyJpZCI6MTEyNDMwLCJ1cmwiOiJodHRwczpcL1wvc3RhdGljLnVuZXBldGl0ZW1vdXNzZS5mclwvd3AtY29udGVudFwvdXBsb2Fkc1wvMjAxOVwvMTFcLzA5MTYxOTA2XC9iYWxhZGluLW5hemlvbmFsZV9yaXpfcGllcnJlLWJhbWluLmpwZyIsInNsaWRlc2hvdyI6IjNjZWY1MjMifQ%3D%3D\" href=\"https:\/\/static.unepetitemousse.fr\/wp-content\/uploads\/2019\/11\/09161906\/baladin-nazionale_riz_pierre-bamin.jpg\"><figure class=\"swiper-slide-inner\"><img decoding=\"async\" class=\"swiper-slide-image\" src=\"https:\/\/static.unepetitemousse.fr\/wp-content\/uploads\/2019\/11\/09161906\/baladin-nazionale_riz_pierre-bamin-700x555.jpg\" alt=\"bi\u00e8re sans gluten riz\" \/><figcaption class=\"elementor-image-carousel-caption\">Riz<\/figcaption><\/figure><\/a><\/div><div class=\"swiper-slide\" role=\"group\" aria-roledescription=\"slide\" aria-label=\"4 sur 4\"><a data-elementor-open-lightbox=\"yes\" data-elementor-lightbox-slideshow=\"3cef523\" data-elementor-lightbox-title=\"baladin-nazionale_sarrasin_lukasz-rawa\" data-e-action-hash=\"#elementor-action%3Aaction%3Dlightbox%26settings%3DeyJpZCI6MTEyNDMxLCJ1cmwiOiJodHRwczpcL1wvc3RhdGljLnVuZXBldGl0ZW1vdXNzZS5mclwvd3AtY29udGVudFwvdXBsb2Fkc1wvMjAxOVwvMTFcLzA5MTYxOTExXC9iYWxhZGluLW5hemlvbmFsZV9zYXJyYXNpbl9sdWthc3otcmF3YS5qcGciLCJzbGlkZXNob3ciOiIzY2VmNTIzIn0%3D\" href=\"https:\/\/static.unepetitemousse.fr\/wp-content\/uploads\/2019\/11\/09161911\/baladin-nazionale_sarrasin_lukasz-rawa.jpg\"><figure class=\"swiper-slide-inner\"><img decoding=\"async\" class=\"swiper-slide-image\" src=\"https:\/\/static.unepetitemousse.fr\/wp-content\/uploads\/2019\/11\/09161911\/baladin-nazionale_sarrasin_lukasz-rawa-700x555.jpg\" alt=\"bi\u00e8re sans gluten sarrasin\" \/><figcaption class=\"elementor-image-carousel-caption\">Sarrasin<\/figcaption><\/figure><\/a><\/div>\t\t\t<\/div>\n\t\t\t\t\t\t\t\t\t\t\t\t<div class=\"elementor-swiper-button elementor-swiper-button-prev\" role=\"button\" tabindex=\"0\">\n\t\t\t\t\t\t<svg aria-hidden=\"true\" class=\"e-font-icon-svg e-eicon-chevron-left\" viewBox=\"0 0 1000 1000\" xmlns=\"http:\/\/www.w3.org\/2000\/svg\"><path d=\"M646 125C629 125 613 133 604 142L308 442C296 454 292 471 292 487 292 504 296 521 308 533L604 854C617 867 629 875 646 875 663 875 679 871 692 858 704 846 713 829 713 812 713 796 708 779 692 767L438 487 692 225C700 217 708 204 708 187 708 171 704 154 692 142 675 129 663 125 646 125Z\"><\/path><\/svg>\t\t\t\t\t<\/div>\n\t\t\t\t\t<div class=\"elementor-swiper-button elementor-swiper-button-next\" role=\"button\" tabindex=\"0\">\n\t\t\t\t\t\t<svg aria-hidden=\"true\" class=\"e-font-icon-svg e-eicon-chevron-right\" viewBox=\"0 0 1000 1000\" xmlns=\"http:\/\/www.w3.org\/2000\/svg\"><path d=\"M696 533C708 521 713 504 713 487 713 471 708 454 696 446L400 146C388 133 375 125 354 125 338 125 325 129 313 142 300 154 292 171 292 187 292 204 296 221 308 233L563 492 304 771C292 783 288 800 288 817 288 833 296 850 308 863 321 871 338 875 354 875 371 875 388 867 400 854L696 533Z\"><\/path><\/svg>\t\t\t\t\t<\/div>\n\t\t\t\t\n\t\t\t\t\t\t\t\t\t<div class=\"swiper-pagination\"><\/div>\n\t\t\t\t\t\t\t\t\t<\/div>\n\t\t\t\t\t\t<\/div>\n\t\t\t\t<\/div>\n\t\t\t\t<div class=\"elementor-element elementor-element-1667c6b elementor-widget elementor-widget-spacer\" data-id=\"1667c6b\" data-element_type=\"widget\" data-e-type=\"widget\" data-widget_type=\"spacer.default\">\n\t\t\t\t<div class=\"elementor-widget-container\">\n\t\t\t\t\t\t\t<div class=\"elementor-spacer\">\n\t\t\t<div class=\"elementor-spacer-inner\"><\/div>\n\t\t<\/div>\n\t\t\t\t\t\t<\/div>\n\t\t\t\t<\/div>\n\t\t\t\t<div class=\"elementor-element elementor-element-b99fe51 elementor-widget elementor-widget-heading\" data-id=\"b99fe51\" data-element_type=\"widget\" data-e-type=\"widget\" data-widget_type=\"heading.default\">\n\t\t\t\t<div class=\"elementor-widget-container\">\n\t\t\t\t\t<h2 class=\"elementor-heading-title elementor-size-default\">Les meilleures bi\u00e8res blondes sans-gluten<\/h2>\t\t\t\t<\/div>\n\t\t\t\t<\/div>\n\t\t\t\t<section class=\"elementor-section elementor-inner-section elementor-element elementor-element-af91d90 elementor-section-boxed elementor-section-height-default elementor-section-height-default\" data-id=\"af91d90\" data-element_type=\"section\" data-e-type=\"section\">\n\t\t\t\t\t\t<div class=\"elementor-container elementor-column-gap-default\">\n\t\t\t\t\t<div class=\"elementor-column elementor-col-50 elementor-inner-column elementor-element elementor-element-fb6024f\" data-id=\"fb6024f\" data-element_type=\"column\" data-e-type=\"column\">\n\t\t\t<div class=\"elementor-widget-wrap elementor-element-populated\">\n\t\t\t\t\t\t<div class=\"elementor-element elementor-element-d37f415 elementor-widget elementor-widget-image\" data-id=\"d37f415\" data-element_type=\"widget\" data-e-type=\"widget\" data-widget_type=\"image.default\">\n\t\t\t\t<div class=\"elementor-widget-container\">\n\t\t\t\t\t\t\t\t\t\t\t\t\t\t\t\t<a href=\"http:\/\/www.st-feuillien.com\/nos-bieres\/nos-bieres\/grisette-blonde-bio\/\">\n\t\t\t\t\t\t\t<img fetchpriority=\"high\" decoding=\"async\" width=\"800\" height=\"800\" src=\"https:\/\/static.unepetitemousse.fr\/wp-content\/uploads\/2018\/07\/25110912\/grisette-sans-gluten-1024x1024.jpg\" class=\"attachment-large size-large wp-image-5797\" alt=\"grisette sans gluten\" srcset=\"https:\/\/static.unepetitemousse.fr\/wp-content\/uploads\/2018\/07\/25110912\/grisette-sans-gluten-1024x1024.jpg 1024w, https:\/\/static.unepetitemousse.fr\/wp-content\/uploads\/2018\/07\/25110912\/grisette-sans-gluten-150x150.jpg 150w, https:\/\/static.unepetitemousse.fr\/wp-content\/uploads\/2018\/07\/25110912\/grisette-sans-gluten-300x300.jpg 300w, https:\/\/static.unepetitemousse.fr\/wp-content\/uploads\/2018\/07\/25110912\/grisette-sans-gluten-768x768.jpg 768w, https:\/\/static.unepetitemousse.fr\/wp-content\/uploads\/2018\/07\/25110912\/grisette-sans-gluten-940x940.jpg 940w, https:\/\/static.unepetitemousse.fr\/wp-content\/uploads\/2018\/07\/25110912\/grisette-sans-gluten.jpg 1800w\" sizes=\"(max-width: 800px) 100vw, 800px\" \/>\t\t\t\t\t\t\t\t<\/a>\n\t\t\t\t\t\t\t\t\t\t\t\t\t\t\t<\/div>\n\t\t\t\t<\/div>\n\t\t\t\t\t<\/div>\n\t\t<\/div>\n\t\t\t\t<div class=\"elementor-column elementor-col-50 elementor-inner-column elementor-element elementor-element-127ba28\" data-id=\"127ba28\" data-element_type=\"column\" data-e-type=\"column\">\n\t\t\t<div class=\"elementor-widget-wrap elementor-element-populated\">\n\t\t\t\t\t\t<div class=\"elementor-element elementor-element-db93d6e elementor-widget elementor-widget-heading\" data-id=\"db93d6e\" data-element_type=\"widget\" data-e-type=\"widget\" data-widget_type=\"heading.default\">\n\t\t\t\t<div class=\"elementor-widget-container\">\n\t\t\t\t\t<h4 class=\"elementor-heading-title elementor-size-default\">Grisette blonde - 5,5%<\/h4>\t\t\t\t<\/div>\n\t\t\t\t<\/div>\n\t\t\t\t<div class=\"elementor-element elementor-element-68a1b7c elementor-widget elementor-widget-text-editor\" data-id=\"68a1b7c\" data-element_type=\"widget\" data-e-type=\"widget\" data-widget_type=\"text-editor.default\">\n\t\t\t\t<div class=\"elementor-widget-container\">\n\t\t\t\t\t\t\t\t\t<p>Une bi\u00e8re belge tr\u00e8s fra\u00eeche, o\u00f9 la coriandre et le citron dominent. On note en bouche des touches poivr\u00e9es et herbeuses tr\u00e8s agr\u00e9ables ! Sa finale est toute douce, avec une faible amertume. Parfait pour s&rsquo;initier !<\/p>\t\t\t\t\t\t\t\t<\/div>\n\t\t\t\t<\/div>\n\t\t\t\t\t<\/div>\n\t\t<\/div>\n\t\t\t\t\t<\/div>\n\t\t<\/section>\n\t\t\t\t<section class=\"elementor-section elementor-inner-section elementor-element elementor-element-7c4815b elementor-section-boxed elementor-section-height-default elementor-section-height-default\" data-id=\"7c4815b\" data-element_type=\"section\" data-e-type=\"section\">\n\t\t\t\t\t\t<div class=\"elementor-container elementor-column-gap-default\">\n\t\t\t\t\t<div class=\"elementor-column elementor-col-50 elementor-inner-column elementor-element elementor-element-0aa5e21\" data-id=\"0aa5e21\" data-element_type=\"column\" data-e-type=\"column\">\n\t\t\t<div class=\"elementor-widget-wrap elementor-element-populated\">\n\t\t\t\t\t\t<div class=\"elementor-element elementor-element-755ea20 elementor-widget elementor-widget-image\" data-id=\"755ea20\" data-element_type=\"widget\" data-e-type=\"widget\" data-widget_type=\"image.default\">\n\t\t\t\t<div class=\"elementor-widget-container\">\n\t\t\t\t\t\t\t\t\t\t\t\t\t\t\t\t<a href=\"https:\/\/www.espiga.cat\/en\/\">\n\t\t\t\t\t\t\t<img decoding=\"async\" width=\"800\" height=\"800\" src=\"https:\/\/static.unepetitemousse.fr\/wp-content\/uploads\/2019\/11\/09161413\/biere-sans-gluten-espiga-1024x1024.jpeg\" class=\"attachment-large size-large wp-image-112427\" alt=\"\" srcset=\"https:\/\/static.unepetitemousse.fr\/wp-content\/uploads\/2019\/11\/09161413\/biere-sans-gluten-espiga-1024x1024.jpeg 1024w, https:\/\/static.unepetitemousse.fr\/wp-content\/uploads\/2019\/11\/09161413\/biere-sans-gluten-espiga-300x300.jpeg 300w, https:\/\/static.unepetitemousse.fr\/wp-content\/uploads\/2019\/11\/09161413\/biere-sans-gluten-espiga-150x150.jpeg 150w, https:\/\/static.unepetitemousse.fr\/wp-content\/uploads\/2019\/11\/09161413\/biere-sans-gluten-espiga-768x768.jpeg 768w, https:\/\/static.unepetitemousse.fr\/wp-content\/uploads\/2019\/11\/09161413\/biere-sans-gluten-espiga-1536x1536.jpeg 1536w, https:\/\/static.unepetitemousse.fr\/wp-content\/uploads\/2019\/11\/09161413\/biere-sans-gluten-espiga.jpeg 1800w\" sizes=\"(max-width: 800px) 100vw, 800px\" \/>\t\t\t\t\t\t\t\t<\/a>\n\t\t\t\t\t\t\t\t\t\t\t\t\t\t\t<\/div>\n\t\t\t\t<\/div>\n\t\t\t\t\t<\/div>\n\t\t<\/div>\n\t\t\t\t<div class=\"elementor-column elementor-col-50 elementor-inner-column elementor-element elementor-element-5873344\" data-id=\"5873344\" data-element_type=\"column\" data-e-type=\"column\">\n\t\t\t<div class=\"elementor-widget-wrap elementor-element-populated\">\n\t\t\t\t\t\t<div class=\"elementor-element elementor-element-a9a7310 elementor-widget elementor-widget-heading\" data-id=\"a9a7310\" data-element_type=\"widget\" data-e-type=\"widget\" data-widget_type=\"heading.default\">\n\t\t\t\t<div class=\"elementor-widget-container\">\n\t\t\t\t\t<h4 class=\"elementor-heading-title elementor-size-default\">Espiga Blonde Ale - 4,5%<\/h4>\t\t\t\t<\/div>\n\t\t\t\t<\/div>\n\t\t\t\t<div class=\"elementor-element elementor-element-d13cc04 elementor-widget elementor-widget-text-editor\" data-id=\"d13cc04\" data-element_type=\"widget\" data-e-type=\"widget\" data-widget_type=\"text-editor.default\">\n\t\t\t\t<div class=\"elementor-widget-container\">\n\t\t\t\t\t\t\t\t\t<p>Une <strong>Pale Ale espagnole o\u00f9 le citron se fait sentir<\/strong>, mais avec un profil beaucoup plus c\u00e9r\u00e9alier. D\u00e9salt\u00e9rante, elle d\u00e9voile en bouche des notes de fruits blancs savoureux. En finale, c&rsquo;est \u00e9quilibr\u00e9, avec une amertume ma\u00eetris\u00e9e et des pointes de malt toast\u00e9.<\/p>\t\t\t\t\t\t\t\t<\/div>\n\t\t\t\t<\/div>\n\t\t\t\t\t<\/div>\n\t\t<\/div>\n\t\t\t\t\t<\/div>\n\t\t<\/section>\n\t\t\t\t<section class=\"elementor-section elementor-inner-section elementor-element elementor-element-458b8eb elementor-section-boxed elementor-section-height-default elementor-section-height-default\" data-id=\"458b8eb\" data-element_type=\"section\" data-e-type=\"section\">\n\t\t\t\t\t\t<div class=\"elementor-container elementor-column-gap-default\">\n\t\t\t\t\t<div class=\"elementor-column elementor-col-50 elementor-inner-column elementor-element elementor-element-4813338\" data-id=\"4813338\" data-element_type=\"column\" data-e-type=\"column\">\n\t\t\t<div class=\"elementor-widget-wrap elementor-element-populated\">\n\t\t\t\t\t\t<div class=\"elementor-element elementor-element-98799f2 elementor-widget elementor-widget-image\" data-id=\"98799f2\" data-element_type=\"widget\" data-e-type=\"widget\" data-widget_type=\"image.default\">\n\t\t\t\t<div class=\"elementor-widget-container\">\n\t\t\t\t\t\t\t\t\t\t\t\t\t\t\t\t<a href=\"http:\/\/www.brasseriepietra.corsica\/\">\n\t\t\t\t\t\t\t<img decoding=\"async\" width=\"800\" height=\"800\" src=\"https:\/\/static.unepetitemousse.fr\/wp-content\/uploads\/2019\/11\/09161405\/biere-sans-gluten-pietra-1024x1024.jpeg\" class=\"attachment-large size-large wp-image-112426\" alt=\"pietra sans gluten\" srcset=\"https:\/\/static.unepetitemousse.fr\/wp-content\/uploads\/2019\/11\/09161405\/biere-sans-gluten-pietra-1024x1024.jpeg 1024w, https:\/\/static.unepetitemousse.fr\/wp-content\/uploads\/2019\/11\/09161405\/biere-sans-gluten-pietra-300x300.jpeg 300w, https:\/\/static.unepetitemousse.fr\/wp-content\/uploads\/2019\/11\/09161405\/biere-sans-gluten-pietra-150x150.jpeg 150w, https:\/\/static.unepetitemousse.fr\/wp-content\/uploads\/2019\/11\/09161405\/biere-sans-gluten-pietra-768x768.jpeg 768w, https:\/\/static.unepetitemousse.fr\/wp-content\/uploads\/2019\/11\/09161405\/biere-sans-gluten-pietra-1536x1536.jpeg 1536w, https:\/\/static.unepetitemousse.fr\/wp-content\/uploads\/2019\/11\/09161405\/biere-sans-gluten-pietra.jpeg 1800w\" sizes=\"(max-width: 800px) 100vw, 800px\" \/>\t\t\t\t\t\t\t\t<\/a>\n\t\t\t\t\t\t\t\t\t\t\t\t\t\t\t<\/div>\n\t\t\t\t<\/div>\n\t\t\t\t\t<\/div>\n\t\t<\/div>\n\t\t\t\t<div class=\"elementor-column elementor-col-50 elementor-inner-column elementor-element elementor-element-2af451f\" data-id=\"2af451f\" data-element_type=\"column\" data-e-type=\"column\">\n\t\t\t<div class=\"elementor-widget-wrap elementor-element-populated\">\n\t\t\t\t\t\t<div class=\"elementor-element elementor-element-f78e088 elementor-widget elementor-widget-heading\" data-id=\"f78e088\" data-element_type=\"widget\" data-e-type=\"widget\" data-widget_type=\"heading.default\">\n\t\t\t\t<div class=\"elementor-widget-container\">\n\t\t\t\t\t<h4 class=\"elementor-heading-title elementor-size-default\">Pietra sans gluten - 5,5%<\/h4>\t\t\t\t<\/div>\n\t\t\t\t<\/div>\n\t\t\t\t<div class=\"elementor-element elementor-element-7ff0434 elementor-widget elementor-widget-text-editor\" data-id=\"7ff0434\" data-element_type=\"widget\" data-e-type=\"widget\" data-widget_type=\"text-editor.default\">\n\t\t\t\t<div class=\"elementor-widget-container\">\n\t\t\t\t\t\t\t\t\t<p>Tr\u00e8s l\u00e9g\u00e8re, cette bi\u00e8re Corse tr\u00e8s connue se d\u00e9voile derri\u00e8re des notes de c\u00e9r\u00e9ales, d&rsquo;\u00e9pices et d&rsquo;orge. Amertume l\u00e9g\u00e8re \u00e9galement, pour une <strong>d\u00e9gustation ronde qui se finit sur des touches acidul\u00e9es<\/strong>. Elle fut \u00e9labor\u00e9e par l&rsquo;\u00e9quipe lorsqu&rsquo;une de leurs coll\u00e8gues a du se r\u00e9soudre \u00e0 suivre un r\u00e9gime sans gluten.<\/p>\t\t\t\t\t\t\t\t<\/div>\n\t\t\t\t<\/div>\n\t\t\t\t\t<\/div>\n\t\t<\/div>\n\t\t\t\t\t<\/div>\n\t\t<\/section>\n\t\t\t\t<section class=\"elementor-section elementor-inner-section elementor-element elementor-element-8c1b1d7 elementor-section-boxed elementor-section-height-default elementor-section-height-default\" data-id=\"8c1b1d7\" data-element_type=\"section\" data-e-type=\"section\">\n\t\t\t\t\t\t<div class=\"elementor-container elementor-column-gap-default\">\n\t\t\t\t\t<div class=\"elementor-column elementor-col-50 elementor-inner-column elementor-element elementor-element-cfba1c3\" data-id=\"cfba1c3\" data-element_type=\"column\" data-e-type=\"column\">\n\t\t\t<div class=\"elementor-widget-wrap elementor-element-populated\">\n\t\t\t\t\t\t<div class=\"elementor-element elementor-element-137c54a elementor-widget elementor-widget-image\" data-id=\"137c54a\" data-element_type=\"widget\" data-e-type=\"widget\" data-widget_type=\"image.default\">\n\t\t\t\t<div class=\"elementor-widget-container\">\n\t\t\t\t\t\t\t\t\t\t\t\t\t\t\t\t<a href=\"https:\/\/www.baladin.it\/fr\/produits\/nazionale-gluten-free\">\n\t\t\t\t\t\t\t<img loading=\"lazy\" decoding=\"async\" width=\"800\" height=\"800\" src=\"https:\/\/static.unepetitemousse.fr\/wp-content\/uploads\/2019\/11\/09161402\/baladin-nazionale_biere-sans-gluten.webp\" class=\"attachment-large size-large wp-image-112425\" alt=\"baladin gluten free\" srcset=\"https:\/\/static.unepetitemousse.fr\/wp-content\/uploads\/2019\/11\/09161402\/baladin-nazionale_biere-sans-gluten.webp 800w, https:\/\/static.unepetitemousse.fr\/wp-content\/uploads\/2019\/11\/09161402\/baladin-nazionale_biere-sans-gluten-300x300.webp 300w, https:\/\/static.unepetitemousse.fr\/wp-content\/uploads\/2019\/11\/09161402\/baladin-nazionale_biere-sans-gluten-150x150.webp 150w, https:\/\/static.unepetitemousse.fr\/wp-content\/uploads\/2019\/11\/09161402\/baladin-nazionale_biere-sans-gluten-768x768.webp 768w\" sizes=\"(max-width: 800px) 100vw, 800px\" \/>\t\t\t\t\t\t\t\t<\/a>\n\t\t\t\t\t\t\t\t\t\t\t\t\t\t\t<\/div>\n\t\t\t\t<\/div>\n\t\t\t\t\t<\/div>\n\t\t<\/div>\n\t\t\t\t<div class=\"elementor-column elementor-col-50 elementor-inner-column elementor-element elementor-element-0ab787a\" data-id=\"0ab787a\" data-element_type=\"column\" data-e-type=\"column\">\n\t\t\t<div class=\"elementor-widget-wrap elementor-element-populated\">\n\t\t\t\t\t\t<div class=\"elementor-element elementor-element-7873c0c elementor-widget elementor-widget-heading\" data-id=\"7873c0c\" data-element_type=\"widget\" data-e-type=\"widget\" data-widget_type=\"heading.default\">\n\t\t\t\t<div class=\"elementor-widget-container\">\n\t\t\t\t\t<h4 class=\"elementor-heading-title elementor-size-default\">Baladin Nazionale - 6,5%<\/h4>\t\t\t\t<\/div>\n\t\t\t\t<\/div>\n\t\t\t\t<div class=\"elementor-element elementor-element-39c47c9 elementor-widget elementor-widget-text-editor\" data-id=\"39c47c9\" data-element_type=\"widget\" data-e-type=\"widget\" data-widget_type=\"text-editor.default\">\n\t\t\t\t<div class=\"elementor-widget-container\">\n\t\t\t\t\t\t\t\t\t<p>Une bi\u00e8re artisanale 100% italienne, bas\u00e9e sur la recette originale mais dont le riz ajout\u00e9 au brassage apporte un <strong>petit twist sec \u00e9voquant la camomille.<\/strong> Facile d&rsquo;acc\u00e8s, peu am\u00e8re, tr\u00e8s d\u00e9salt\u00e9rante, cette bi\u00e8re de style Blonde Ale est un <strong>parfait \u00e9quilibre<\/strong> entre notes fruit\u00e9es, malt\u00e9es et h\u00e9rbac\u00e9es.<\/p>\t\t\t\t\t\t\t\t<\/div>\n\t\t\t\t<\/div>\n\t\t\t\t\t<\/div>\n\t\t<\/div>\n\t\t\t\t\t<\/div>\n\t\t<\/section>\n\t\t\t\t<section class=\"elementor-section elementor-inner-section elementor-element elementor-element-24a8eb4 elementor-section-boxed elementor-section-height-default elementor-section-height-default\" data-id=\"24a8eb4\" data-element_type=\"section\" data-e-type=\"section\">\n\t\t\t\t\t\t<div class=\"elementor-container elementor-column-gap-default\">\n\t\t\t\t\t<div class=\"elementor-column elementor-col-50 elementor-inner-column elementor-element elementor-element-bf704fc\" data-id=\"bf704fc\" data-element_type=\"column\" data-e-type=\"column\">\n\t\t\t<div class=\"elementor-widget-wrap elementor-element-populated\">\n\t\t\t\t\t\t<div class=\"elementor-element elementor-element-54ac019 elementor-widget elementor-widget-image\" data-id=\"54ac019\" data-element_type=\"widget\" data-e-type=\"widget\" data-widget_type=\"image.default\">\n\t\t\t\t<div class=\"elementor-widget-container\">\n\t\t\t\t\t\t\t\t\t\t\t\t\t\t\t\t<a href=\"https:\/\/bieres.unepetitemousse.fr\/products\/brasserie-brewdog-biere-vagabond-pale-ale\">\n\t\t\t\t\t\t\t<img loading=\"lazy\" decoding=\"async\" width=\"800\" height=\"800\" src=\"https:\/\/static.unepetitemousse.fr\/wp-content\/uploads\/2019\/11\/09161359\/biere-sans-gluten-VAGABOND.webp\" class=\"attachment-large size-large wp-image-112424\" alt=\"\" srcset=\"https:\/\/static.unepetitemousse.fr\/wp-content\/uploads\/2019\/11\/09161359\/biere-sans-gluten-VAGABOND.webp 800w, https:\/\/static.unepetitemousse.fr\/wp-content\/uploads\/2019\/11\/09161359\/biere-sans-gluten-VAGABOND-300x300.webp 300w, https:\/\/static.unepetitemousse.fr\/wp-content\/uploads\/2019\/11\/09161359\/biere-sans-gluten-VAGABOND-150x150.webp 150w, https:\/\/static.unepetitemousse.fr\/wp-content\/uploads\/2019\/11\/09161359\/biere-sans-gluten-VAGABOND-768x768.webp 768w\" sizes=\"(max-width: 800px) 100vw, 800px\" \/>\t\t\t\t\t\t\t\t<\/a>\n\t\t\t\t\t\t\t\t\t\t\t\t\t\t\t<\/div>\n\t\t\t\t<\/div>\n\t\t\t\t\t<\/div>\n\t\t<\/div>\n\t\t\t\t<div class=\"elementor-column elementor-col-50 elementor-inner-column elementor-element elementor-element-e668921\" data-id=\"e668921\" data-element_type=\"column\" data-e-type=\"column\">\n\t\t\t<div class=\"elementor-widget-wrap elementor-element-populated\">\n\t\t\t\t\t\t<div class=\"elementor-element elementor-element-81f06e6 elementor-widget elementor-widget-heading\" data-id=\"81f06e6\" data-element_type=\"widget\" data-e-type=\"widget\" data-widget_type=\"heading.default\">\n\t\t\t\t<div class=\"elementor-widget-container\">\n\t\t\t\t\t<h4 class=\"elementor-heading-title elementor-size-default\">Brewdog Vagabond Pale Ale - 4,5%<\/h4>\t\t\t\t<\/div>\n\t\t\t\t<\/div>\n\t\t\t\t<div class=\"elementor-element elementor-element-e842eb1 elementor-widget elementor-widget-text-editor\" data-id=\"e842eb1\" data-element_type=\"widget\" data-e-type=\"widget\" data-widget_type=\"text-editor.default\">\n\t\t\t\t<div class=\"elementor-widget-container\">\n\t\t\t\t\t\t\t\t\t<p>R\u00e9concilier amoureux du style <strong>American Pale Ale<\/strong> et malades coeliaques, c&rsquo;est possible avec la Vagabond ! Ses houblons Amarillo et Centennial d\u00e9veloppent des saveurs typiques du genre : <strong>pin r\u00e9sineux, agrumes juteux, malts caram\u00e9lis\u00e9s<\/strong>. Parfaite ex\u00e9cution du genre. Et bonne nouvelle, leur c\u00e9l\u00e8bre <a href=\"https:\/\/www.brewdog.com\/fr\/gluten-free-punk-ipa-12-can-nl\">Punk IPA<\/a> existe \u00e9galement en version sans gluten \ud83d\ude09<\/p>\t\t\t\t\t\t\t\t<\/div>\n\t\t\t\t<\/div>\n\t\t\t\t\t<\/div>\n\t\t<\/div>\n\t\t\t\t\t<\/div>\n\t\t<\/section>\n\t\t\t\t<div class=\"elementor-element elementor-element-a0b9d16 elementor-widget elementor-widget-text-editor\" data-id=\"a0b9d16\" data-element_type=\"widget\" data-e-type=\"widget\" data-widget_type=\"text-editor.default\">\n\t\t\t\t<div class=\"elementor-widget-container\">\n\t\t\t\t\t\t\t\t\t<p>Citons \u00e9galement ces bi\u00e8res sans gluten c\u00e9l\u00e8bres :<\/p>\n<ul>\n<li><a href=\"https:\/\/brasseriecastelain.com\/nos-bieres\/jade\"><strong>Jade<\/strong><\/a>\u00a0lager BIO fran\u00e7aise de chez Castelain, brass\u00e9e par infusion pour extraire les ar\u00f4mes des malts<\/li>\n<li><a href=\"https:\/\/www.brewbound.com\/news\/millercoors-introduces-coors-peak-golden-lager\/#:~:text=Coors%20Peak%20Golden%20Lager%20is,by%20the%20Gluten%20Intolerance%20Group.\"><strong>Coors Peak<\/strong><\/a> premi\u00e8re bi\u00e8re am\u00e9ricaine naturellement sans gluten car brass\u00e9e au riz brun<\/li>\n<li><a href=\"http:\/\/www.altiplano.cc\/\"><strong>Altiplano<\/strong><\/a>\u00a0bi\u00e8re artisanale BIO et fran\u00e7aise brass\u00e9e avec du quinoa p\u00e9ruvien<\/li>\n<li><a href=\"https:\/\/www.groundbreakerbrewing.com\/our-gluten-free-beer-ingredients\"><strong>Ground Breaker<\/strong><\/a> brasserie anglaise dont la gamme est int\u00e9gralement gluten free<\/li>\n<\/ul>\t\t\t\t\t\t\t\t<\/div>\n\t\t\t\t<\/div>\n\t\t\t\t<div class=\"elementor-element elementor-element-9f0f630 elementor-widget elementor-widget-spacer\" data-id=\"9f0f630\" data-element_type=\"widget\" data-e-type=\"widget\" data-widget_type=\"spacer.default\">\n\t\t\t\t<div class=\"elementor-widget-container\">\n\t\t\t\t\t\t\t<div class=\"elementor-spacer\">\n\t\t\t<div class=\"elementor-spacer-inner\"><\/div>\n\t\t<\/div>\n\t\t\t\t\t\t<\/div>\n\t\t\t\t<\/div>\n\t\t\t\t<div class=\"elementor-element elementor-element-6f9e728 elementor-align-center elementor-widget elementor-widget-button\" data-id=\"6f9e728\" data-element_type=\"widget\" data-e-type=\"widget\" data-widget_type=\"button.default\">\n\t\t\t\t<div class=\"elementor-widget-container\">\n\t\t\t\t\t\t\t\t\t<div class=\"elementor-button-wrapper\">\n\t\t\t\t\t<a class=\"elementor-button elementor-button-link elementor-size-xl\" href=\"https:\/\/une.pm\/2AiaNBJ\">\n\t\t\t\t\t\t<span class=\"elementor-button-content-wrapper\">\n\t\t\t\t\t\t\t\t\t<span class=\"elementor-button-text\">Boutique de bi\u00e8res sans gluten en ligne<\/span>\n\t\t\t\t\t<\/span>\n\t\t\t\t\t<\/a>\n\t\t\t\t<\/div>\n\t\t\t\t\t\t\t\t<\/div>\n\t\t\t\t<\/div>\n\t\t\t\t<div class=\"elementor-element elementor-element-4a7d706 elementor-widget elementor-widget-spacer\" data-id=\"4a7d706\" data-element_type=\"widget\" data-e-type=\"widget\" data-widget_type=\"spacer.default\">\n\t\t\t\t<div class=\"elementor-widget-container\">\n\t\t\t\t\t\t\t<div class=\"elementor-spacer\">\n\t\t\t<div class=\"elementor-spacer-inner\"><\/div>\n\t\t<\/div>\n\t\t\t\t\t\t<\/div>\n\t\t\t\t<\/div>\n\t\t\t\t<div class=\"elementor-element elementor-element-02172cd elementor-widget elementor-widget-text-editor\" data-id=\"02172cd\" data-element_type=\"widget\" data-e-type=\"widget\" data-widget_type=\"text-editor.default\">\n\t\t\t\t<div class=\"elementor-widget-container\">\n\t\t\t\t\t\t\t\t\t<p>Avec leurs malts \u00e0 base de c\u00e9r\u00e9ales tr\u00e8s peu utilis\u00e9es dans le domaine brassicole, les bi\u00e8res sans gluten sont <strong>une exp\u00e9rience de d\u00e9gustation unique<\/strong> ! Ce n&rsquo;est pas pour rien que nos bi\u00e9rologues en s\u00e9lectionnent parfois pour leurs box expertes. Il faut dire que les malts des bi\u00e8res gluten-free offrent des go\u00fbts nouveaux et atypiques.<\/p>\t\t\t\t\t\t\t\t<\/div>\n\t\t\t\t<\/div>\n\t\t\t\t<div class=\"elementor-element elementor-element-4de6deec elementor-widget-divider--view-line_text elementor-widget-divider--element-align-center elementor-widget elementor-widget-divider\" data-id=\"4de6deec\" data-element_type=\"widget\" data-e-type=\"widget\" data-widget_type=\"divider.default\">\n\t\t\t\t<div class=\"elementor-widget-container\">\n\t\t\t\t\t\t\t<div class=\"elementor-divider\">\n\t\t\t<span class=\"elementor-divider-separator\">\n\t\t\t\t\t\t\t<span class=\"elementor-divider__text elementor-divider__element\">\n\t\t\t\tPour aller plus loin\t\t\t\t<\/span>\n\t\t\t\t\t\t<\/span>\n\t\t<\/div>\n\t\t\t\t\t\t<\/div>\n\t\t\t\t<\/div>\n\t\t\t\t<div class=\"elementor-element elementor-element-f40060a elementor-widget elementor-widget-text-editor\" data-id=\"f40060a\" data-element_type=\"widget\" data-e-type=\"widget\" data-widget_type=\"text-editor.default\">\n\t\t\t\t<div class=\"elementor-widget-container\">\n\t\t\t\t\t\t\t\t\t<p>Parcourez nos articles pour approfondir votre culture bi\u00e8re :\u00a0<\/p>\n<ul>\n<li><a href=\"https:\/\/unepetitemousse.fr\/blog\/biere-sans-alcool\/\">la bi\u00e8re sans alcool<\/a><\/li>\n<li><a href=\"https:\/\/unepetitemousse.fr\/blog\/biere-bio-et-brasseries-biologiques\/\">les bi\u00e8res biologiques<\/a><\/li>\n<li><a href=\"https:\/\/unepetitemousse.fr\/blog\/malt-biere-artisanale\/\">comment fonctionne le malt<\/a><\/li>\n<li><a href=\"https:\/\/unepetitemousse.fr\/blog\/alcool-eau-et-biere\/\">le r\u00f4le de l&rsquo;eau dans la bi\u00e8re<\/a><\/li>\n<li><a href=\"https:\/\/unepetitemousse.fr\/blog\/bienfaits-de-la-biere\/\">les bienfaits de la bi\u00e8re<\/a><\/li>\n<\/ul>\t\t\t\t\t\t\t\t<\/div>\n\t\t\t\t<\/div>\n\t\t\t\t<div class=\"elementor-element elementor-element-be4e0e8 elementor-widget elementor-widget-html\" data-id=\"be4e0e8\" data-element_type=\"widget\" data-e-type=\"widget\" data-widget_type=\"html.default\">\n\t\t\t\t<div class=\"elementor-widget-container\">\n\t\t\t\t\t<script>gtag('set',{'content_group1':'Cocon S\u00e9mantique'});<\/script>\t\t\t\t<\/div>\n\t\t\t\t<\/div>\n\t\t\t\t\t<\/div>\n\t\t<\/div>\n\t\t\t\t\t<\/div>\n\t\t<\/section>\n\t\t\t\t<\/div>\n\t\t","protected":false},"excerpt":{"rendered":"<p>Sans gluten (ou gluten-free pour les anglophones) : vous voyez depuis peu fleurir cette appellation sur les rayons de votre \u00e9picerie. Et peut-\u00eatre m\u00eame, plus r\u00e9cemment, dans votre cave \u00e0 bi\u00e8re favorite ? Ph\u00e9nom\u00e8ne de mode mais aussi v\u00e9ritable r\u00e9ponse \u00e0 un trouble de plus en plus fr\u00e9quent et identifi\u00e9, la bi\u00e8re sans gluten se [&hellip;]<\/p>\n","protected":false},"author":14,"featured_media":10291,"comment_status":"open","ping_status":"closed","sticky":false,"template":"","format":"standard","meta":{"_acf_changed":false,"_seopress_robots_primary_cat":"none","_seopress_titles_title":"Bi\u00e8re sans gluten : et pour la bi\u00e8re, \u00e7a se passe comment ?","_seopress_titles_desc":"Bi\u00e8re sans gluten, possible ou non ? Tour d&#039;horizon des techniques et des c\u00e9r\u00e9ales alternatives pour d\u00e9guster des petites mousses gluten-free.","_seopress_robots_index":"","footnotes":""},"categories":[2,8],"tags":[699,742],"class_list":["post-9860","post","type-post","status-publish","format-standard","has-post-thumbnail","hentry","category-actu-biere","category-styles-de-biere","tag-bieres-francaises","tag-sans-gluten"],"acf":[],"_links":{"self":[{"href":"https:\/\/unepetitemousse.fr\/blog\/wp-json\/wp\/v2\/posts\/9860","targetHints":{"allow":["GET"]}}],"collection":[{"href":"https:\/\/unepetitemousse.fr\/blog\/wp-json\/wp\/v2\/posts"}],"about":[{"href":"https:\/\/unepetitemousse.fr\/blog\/wp-json\/wp\/v2\/types\/post"}],"author":[{"embeddable":true,"href":"https:\/\/unepetitemousse.fr\/blog\/wp-json\/wp\/v2\/users\/14"}],"replies":[{"embeddable":true,"href":"https:\/\/unepetitemousse.fr\/blog\/wp-json\/wp\/v2\/comments?post=9860"}],"version-history":[{"count":5,"href":"https:\/\/unepetitemousse.fr\/blog\/wp-json\/wp\/v2\/posts\/9860\/revisions"}],"predecessor-version":[{"id":148805,"href":"https:\/\/unepetitemousse.fr\/blog\/wp-json\/wp\/v2\/posts\/9860\/revisions\/148805"}],"wp:featuredmedia":[{"embeddable":true,"href":"https:\/\/unepetitemousse.fr\/blog\/wp-json\/wp\/v2\/media\/10291"}],"wp:attachment":[{"href":"https:\/\/unepetitemousse.fr\/blog\/wp-json\/wp\/v2\/media?parent=9860"}],"wp:term":[{"taxonomy":"category","embeddable":true,"href":"https:\/\/unepetitemousse.fr\/blog\/wp-json\/wp\/v2\/categories?post=9860"},{"taxonomy":"post_tag","embeddable":true,"href":"https:\/\/unepetitemousse.fr\/blog\/wp-json\/wp\/v2\/tags?post=9860"}],"curies":[{"name":"wp","href":"https:\/\/api.w.org\/{rel}","templated":true}]}}